{"id":1389,"date":"2017-12-20T12:34:38","date_gmt":"2017-12-20T11:34:38","guid":{"rendered":"http:\/\/www.pharmanutra.it\/it\/?p=1389"},"modified":"2017-12-20T12:34:38","modified_gmt":"2017-12-20T11:34:38","slug":"un-2018-ricco-impegni-vitamina-sailing-team","status":"publish","type":"post","link":"https:\/\/www.pharmanutra.it\/it\/un-2018-ricco-impegni-vitamina-sailing-team\/","title":{"rendered":"Un 2018 ricco di impegni per il Vitamina Sailing Team"},"content":{"rendered":"<p>E\u2019 una stagione agonistica intensa e ricca di appuntamenti di rilievo internazionale quella che aspetta il <strong>Vitamina Sailing Team<\/strong>, la squadra capitanata dal <strong>Presidente di PharmaNutra SPA Andrea Lacorte<\/strong> che dopo un 2017 segnato da rilevanti successi, si prepara a rimettersi in gioco con una serie di importanti novit\u00e0. \u201cLa principale \u00e8 che dopo diversi anni di militanza, lasciamo la classe Melges 32 per passare al nuovo, atteso <strong>Melges 40<\/strong>, una barca bellissima e molto veloce che far\u00e0 certamente parlare di s\u00e9 nei prossimi anni\u201d, spiega <strong>Lacorte<\/strong> con un entusiasmo che rende al meglio la grande trepidazione che si sta vivendo in attesa dei primi appuntamenti agonistici. \u201cIl Melges 40 sar\u00e0 il fulcro della nostra attivit\u00e0 per tutto il 2018, ma non solo: abbiamo confermato infatti il nostro impegno anche nel circuito di <strong>catamarani M32<\/strong>, le Mediterranean Series che <strong>abbiamo gi\u00e0 vinto l\u2019anno scorso<\/strong> e le North America Series: l\u2019anno prossimo il circuito europeo sar\u00e0 ancora pi\u00f9 partecipato e avvincente, con diverse novit\u00e0 tra cui <strong>una tappa a casa nostra<\/strong>, con base al <strong>Porto di Pisa<\/strong>, e l\u2019esperienza accumulata in questa stagione, ci sar\u00e0 molto utile per provare a bissare questo successo\u201d.<br \/>\nSe la conferma nell\u2019ambito dei catamarani M32 appare quasi scontata, il discorso cambia alla voce Melges e il passaggio al nuovo, impegnativo e in parte ancora tutto da scoprire 40\u2019, \u00e8 una bella e ambiziosa scommessa. \u201cPotevamo continuare a regatare con il 32\u2019, sarebbe stato certamente pi\u00f9 facile considerata tutta l\u2019esperienza che abbiamo accumulato in questi anni, <strong>ma a me piacciono le sfide vere<\/strong>, gli stimoli, e il Melges 40 ne offre davvero parecchi\u201d, puntualizza <strong>Lacorte<\/strong>. \u201cNon sono un nostalgico, voglio confrontarmi con il futuro, con la tecnologia, e <strong>il Melges 40 \u00e8 una barca moderna che guarda avanti<\/strong>, a partire dalla scelta delle appendici mobili. Attualmente \u00e8 il monotipo pi\u00f9 tecnologico in circolazione, la differenza con le altre barche \u00e8 davvero marcata\u201d.<br \/>\nLa stagione del Melges 40, che sar\u00e0 brandizzato <strong>Cetilar\u00ae<\/strong> e in Italia far\u00e0 base al <strong>Porto di Pisa<\/strong>, si svilupper\u00e0 principalmente in Spagna: dopo <strong>il varo della barca a Valencia, a met\u00e0 febbraio<\/strong>, sono previsti allenamenti e regate a Palma di Maiorca, poi un evento a Porto Cervo (luglio) e uno a Barcellona (fine ottobre), prima di un possibile trasferimento in Florida per una serie di regate in Autunno. A bordo di <strong>Vitamina<\/strong>, in regata per lo <strong>Yacht Club Repubblica Marinara di Pisa<\/strong>, ci sar\u00e0 l\u2019equipaggio che in questi anni ha regatato sul Melges 32, a partire dal team manager e comandante della barca <strong>Matteo De Luca<\/strong>, pi\u00f9 un paio di new entry di spicco come il tattico sloveno <strong>Branko Brncic<\/strong>, che affiancher\u00e0 in pozzetto il timoniere <strong>Andrea Lacorte<\/strong>, e il grinder <strong>Massimo Gherarducci<\/strong>.<br \/>\nSul <strong>catamarano M32<\/strong>, invece, che come gli anni scorsi scender\u00e0 in acqua griffato <strong>SiderAL\u00ae<\/strong>, accanto a Lacorte e De Luca (rispettivamente al timone e a prua), ci saranno come l\u2019anno scorso i giovani australiani <strong>Torvar Mirsky e Cameron Seagreen<\/strong>, che a fine ottobre, in Cina, si sono laureati <strong>Campioni del Mondo Match Race<\/strong>. \u201cSono ragazzi forti, con un potenziale in parte ancora tutto da esprimere. Averli nuovamente a bordo \u00e8 un bel colpo\u201d, spiega Lacorte, che si prepara ad affrontare i primi impegni della stagione a <strong>Miami, in Florida<\/strong>, dove sono in programma una serie di eventi fino ad aprile. Successivamente l\u2019attivit\u00e0 degli M32 si sposter\u00e0 in Mediterraneo &#8211; compresa una tappa del circuito a <strong>Marina di Pisa<\/strong>, con <strong>Cetilar\u00ae<\/strong> main sponsor, nell\u2019ambito degli appuntamenti che precedono la <strong>151 Miglia<\/strong>, la celebre regata offshore che ormai attira 200 barche sulla linea del via &#8211; prima del gran finale in programma a <strong>Chicago<\/strong>, tra fine settembre e i primi di ottobre, sede di un <strong>Campionato del Mondo<\/strong> che si preannuncia come uno degli eventi clou della stagione velica internazionale.<\/p>\n","protected":false},"excerpt":{"rendered":"<p>E\u2019 una stagione agonistica intensa e ricca di appuntamenti di rilievo internazionale quella che aspetta il Vitamina Sailing Team, la squadra capitanata dal Presidente di PharmaNutra SPA Andrea Lacorte che dopo un 2017 segnato da rilevanti successi, si prepara a rimettersi in gioco con una serie di importanti novit\u00e0. \u201cLa principale \u00e8 che dopo diversi [&hellip;]<\/p>\n","protected":false},"author":2,"featured_media":1390,"comment_status":"open","ping_status":"open","sticky":false,"template":"","format":"standard","meta":{"footnotes":""},"categories":[15,1],"tags":[],"anno_documento":[74],"class_list":["post-1389","post","type-post","status-publish","format-standard","has-post-thumbnail","hentry","category-news-eventi","category-senza-categoria","anno_documento-74"],"yoast_head":"<!-- This site is optimized with the Yoast SEO plugin v26.1.1 - https:\/\/yoast.com\/wordpress\/plugins\/seo\/ -->\n<title>Un 2018 ricco di impegni per il Vitamina Sailing Team - pharmanutra.it<\/title>\n<meta name=\"robots\" content=\"index, follow, max-snippet:-1, max-image-preview:large, max-video-preview:-1\" \/>\n<link rel=\"canonical\" href=\"https:\/\/www.pharmanutra.it\/it\/un-2018-ricco-impegni-vitamina-sailing-team\/\" \/>\n<meta property=\"og:locale\" content=\"it_IT\" \/>\n<meta property=\"og:type\" content=\"article\" \/>\n<meta property=\"og:title\" content=\"Un 2018 ricco di impegni per il Vitamina Sailing Team - pharmanutra.it\" \/>\n<meta property=\"og:description\" content=\"E\u2019 una stagione agonistica intensa e ricca di appuntamenti di rilievo internazionale quella che aspetta il Vitamina Sailing Team, la squadra capitanata dal Presidente di PharmaNutra SPA Andrea Lacorte che dopo un 2017 segnato da rilevanti successi, si prepara a rimettersi in gioco con una serie di importanti novit\u00e0. \u201cLa principale \u00e8 che dopo diversi [&hellip;]\" \/>\n<meta property=\"og:url\" content=\"https:\/\/www.pharmanutra.it\/it\/un-2018-ricco-impegni-vitamina-sailing-team\/\" \/>\n<meta property=\"og:site_name\" content=\"pharmanutra.it\" \/>\n<meta property=\"article:published_time\" content=\"2017-12-20T11:34:38+00:00\" \/>\n<meta property=\"og:image\" content=\"https:\/\/www.pharmanutra.it\/wp-content\/uploads\/2017\/12\/23795362_2082065148683430_3909673113072898952_n.jpg\" \/>\n\t<meta property=\"og:image:width\" content=\"960\" \/>\n\t<meta property=\"og:image:height\" content=\"638\" \/>\n\t<meta property=\"og:image:type\" content=\"image\/jpeg\" \/>\n<meta name=\"author\" content=\"m.montagnani\" \/>\n<meta name=\"twitter:card\" content=\"summary_large_image\" \/>\n<meta name=\"twitter:label1\" content=\"Scritto da\" \/>\n\t<meta name=\"twitter:data1\" content=\"m.montagnani\" \/>\n\t<meta name=\"twitter:label2\" content=\"Tempo di lettura stimato\" \/>\n\t<meta name=\"twitter:data2\" content=\"3 minuti\" \/>\n<script type=\"application\/ld+json\" class=\"yoast-schema-graph\">{\"@context\":\"https:\/\/schema.org\",\"@graph\":[{\"@type\":\"Article\",\"@id\":\"https:\/\/www.pharmanutra.it\/it\/un-2018-ricco-impegni-vitamina-sailing-team\/#article\",\"isPartOf\":{\"@id\":\"https:\/\/www.pharmanutra.it\/it\/un-2018-ricco-impegni-vitamina-sailing-team\/\"},\"author\":{\"name\":\"m.montagnani\",\"@id\":\"https:\/\/www.pharmanutra.it\/it\/#\/schema\/person\/1b5e914c93946e660289a6ff8612e2cf\"},\"headline\":\"Un 2018 ricco di impegni per il Vitamina Sailing Team\",\"datePublished\":\"2017-12-20T11:34:38+00:00\",\"mainEntityOfPage\":{\"@id\":\"https:\/\/www.pharmanutra.it\/it\/un-2018-ricco-impegni-vitamina-sailing-team\/\"},\"wordCount\":626,\"commentCount\":0,\"publisher\":{\"@id\":\"https:\/\/www.pharmanutra.it\/it\/#organization\"},\"image\":{\"@id\":\"https:\/\/www.pharmanutra.it\/it\/un-2018-ricco-impegni-vitamina-sailing-team\/#primaryimage\"},\"thumbnailUrl\":\"https:\/\/www.pharmanutra.it\/wp-content\/uploads\/2017\/12\/23795362_2082065148683430_3909673113072898952_n.jpg\",\"articleSection\":[\"News &amp; Eventi\"],\"inLanguage\":\"it-IT\",\"potentialAction\":[{\"@type\":\"CommentAction\",\"name\":\"Comment\",\"target\":[\"https:\/\/www.pharmanutra.it\/it\/un-2018-ricco-impegni-vitamina-sailing-team\/#respond\"]}]},{\"@type\":\"WebPage\",\"@id\":\"https:\/\/www.pharmanutra.it\/it\/un-2018-ricco-impegni-vitamina-sailing-team\/\",\"url\":\"https:\/\/www.pharmanutra.it\/it\/un-2018-ricco-impegni-vitamina-sailing-team\/\",\"name\":\"Un 2018 ricco di impegni per il Vitamina Sailing Team - pharmanutra.it\",\"isPartOf\":{\"@id\":\"https:\/\/www.pharmanutra.it\/it\/#website\"},\"primaryImageOfPage\":{\"@id\":\"https:\/\/www.pharmanutra.it\/it\/un-2018-ricco-impegni-vitamina-sailing-team\/#primaryimage\"},\"image\":{\"@id\":\"https:\/\/www.pharmanutra.it\/it\/un-2018-ricco-impegni-vitamina-sailing-team\/#primaryimage\"},\"thumbnailUrl\":\"https:\/\/www.pharmanutra.it\/wp-content\/uploads\/2017\/12\/23795362_2082065148683430_3909673113072898952_n.jpg\",\"datePublished\":\"2017-12-20T11:34:38+00:00\",\"breadcrumb\":{\"@id\":\"https:\/\/www.pharmanutra.it\/it\/un-2018-ricco-impegni-vitamina-sailing-team\/#breadcrumb\"},\"inLanguage\":\"it-IT\",\"potentialAction\":[{\"@type\":\"ReadAction\",\"target\":[\"https:\/\/www.pharmanutra.it\/it\/un-2018-ricco-impegni-vitamina-sailing-team\/\"]}]},{\"@type\":\"ImageObject\",\"inLanguage\":\"it-IT\",\"@id\":\"https:\/\/www.pharmanutra.it\/it\/un-2018-ricco-impegni-vitamina-sailing-team\/#primaryimage\",\"url\":\"https:\/\/www.pharmanutra.it\/wp-content\/uploads\/2017\/12\/23795362_2082065148683430_3909673113072898952_n.jpg\",\"contentUrl\":\"https:\/\/www.pharmanutra.it\/wp-content\/uploads\/2017\/12\/23795362_2082065148683430_3909673113072898952_n.jpg\",\"width\":960,\"height\":638},{\"@type\":\"BreadcrumbList\",\"@id\":\"https:\/\/www.pharmanutra.it\/it\/un-2018-ricco-impegni-vitamina-sailing-team\/#breadcrumb\",\"itemListElement\":[{\"@type\":\"ListItem\",\"position\":1,\"name\":\"Home\",\"item\":\"https:\/\/www.pharmanutra.it\/it\/\"},{\"@type\":\"ListItem\",\"position\":2,\"name\":\"Un 2018 ricco di impegni per il Vitamina Sailing Team\"}]},{\"@type\":\"WebSite\",\"@id\":\"https:\/\/www.pharmanutra.it\/it\/#website\",\"url\":\"https:\/\/www.pharmanutra.it\/it\/\",\"name\":\"pharmanutra.it\",\"description\":\"\",\"publisher\":{\"@id\":\"https:\/\/www.pharmanutra.it\/it\/#organization\"},\"potentialAction\":[{\"@type\":\"SearchAction\",\"target\":{\"@type\":\"EntryPoint\",\"urlTemplate\":\"https:\/\/www.pharmanutra.it\/it\/?s={search_term_string}\"},\"query-input\":{\"@type\":\"PropertyValueSpecification\",\"valueRequired\":true,\"valueName\":\"search_term_string\"}}],\"inLanguage\":\"it-IT\"},{\"@type\":\"Organization\",\"@id\":\"https:\/\/www.pharmanutra.it\/it\/#organization\",\"name\":\"pharmanutra.it\",\"url\":\"https:\/\/www.pharmanutra.it\/it\/\",\"logo\":{\"@type\":\"ImageObject\",\"inLanguage\":\"it-IT\",\"@id\":\"https:\/\/www.pharmanutra.it\/it\/#\/schema\/logo\/image\/\",\"url\":\"https:\/\/www.pharmanutra.it\/wp-content\/uploads\/2025\/09\/PHN_LOGO2020color.png\",\"contentUrl\":\"https:\/\/www.pharmanutra.it\/wp-content\/uploads\/2025\/09\/PHN_LOGO2020color.png\",\"width\":1856,\"height\":210,\"caption\":\"pharmanutra.it\"},\"image\":{\"@id\":\"https:\/\/www.pharmanutra.it\/it\/#\/schema\/logo\/image\/\"}},{\"@type\":\"Person\",\"@id\":\"https:\/\/www.pharmanutra.it\/it\/#\/schema\/person\/1b5e914c93946e660289a6ff8612e2cf\",\"name\":\"m.montagnani\",\"image\":{\"@type\":\"ImageObject\",\"inLanguage\":\"it-IT\",\"@id\":\"https:\/\/www.pharmanutra.it\/it\/#\/schema\/person\/image\/\",\"url\":\"https:\/\/secure.gravatar.com\/avatar\/c1920c0aa85fa094f7614557e0f41c242c5d2632544ee5e7c41d3b8f10570f68?s=96&d=mm&r=g\",\"contentUrl\":\"https:\/\/secure.gravatar.com\/avatar\/c1920c0aa85fa094f7614557e0f41c242c5d2632544ee5e7c41d3b8f10570f68?s=96&d=mm&r=g\",\"caption\":\"m.montagnani\"},\"url\":\"https:\/\/www.pharmanutra.it\/it\/author\/m-montagnani\/\"}]}<\/script>\n<!-- \/ Yoast SEO plugin. -->","yoast_head_json":{"title":"Un 2018 ricco di impegni per il Vitamina Sailing Team - pharmanutra.it","robots":{"index":"index","follow":"follow","max-snippet":"max-snippet:-1","max-image-preview":"max-image-preview:large","max-video-preview":"max-video-preview:-1"},"canonical":"https:\/\/www.pharmanutra.it\/it\/un-2018-ricco-impegni-vitamina-sailing-team\/","og_locale":"it_IT","og_type":"article","og_title":"Un 2018 ricco di impegni per il Vitamina Sailing Team - pharmanutra.it","og_description":"E\u2019 una stagione agonistica intensa e ricca di appuntamenti di rilievo internazionale quella che aspetta il Vitamina Sailing Team, la squadra capitanata dal Presidente di PharmaNutra SPA Andrea Lacorte che dopo un 2017 segnato da rilevanti successi, si prepara a rimettersi in gioco con una serie di importanti novit\u00e0. \u201cLa principale \u00e8 che dopo diversi [&hellip;]","og_url":"https:\/\/www.pharmanutra.it\/it\/un-2018-ricco-impegni-vitamina-sailing-team\/","og_site_name":"pharmanutra.it","article_published_time":"2017-12-20T11:34:38+00:00","og_image":[{"width":960,"height":638,"url":"https:\/\/www.pharmanutra.it\/wp-content\/uploads\/2017\/12\/23795362_2082065148683430_3909673113072898952_n.jpg","type":"image\/jpeg"}],"author":"m.montagnani","twitter_card":"summary_large_image","twitter_misc":{"Scritto da":"m.montagnani","Tempo di lettura stimato":"3 minuti"},"schema":{"@context":"https:\/\/schema.org","@graph":[{"@type":"Article","@id":"https:\/\/www.pharmanutra.it\/it\/un-2018-ricco-impegni-vitamina-sailing-team\/#article","isPartOf":{"@id":"https:\/\/www.pharmanutra.it\/it\/un-2018-ricco-impegni-vitamina-sailing-team\/"},"author":{"name":"m.montagnani","@id":"https:\/\/www.pharmanutra.it\/it\/#\/schema\/person\/1b5e914c93946e660289a6ff8612e2cf"},"headline":"Un 2018 ricco di impegni per il Vitamina Sailing Team","datePublished":"2017-12-20T11:34:38+00:00","mainEntityOfPage":{"@id":"https:\/\/www.pharmanutra.it\/it\/un-2018-ricco-impegni-vitamina-sailing-team\/"},"wordCount":626,"commentCount":0,"publisher":{"@id":"https:\/\/www.pharmanutra.it\/it\/#organization"},"image":{"@id":"https:\/\/www.pharmanutra.it\/it\/un-2018-ricco-impegni-vitamina-sailing-team\/#primaryimage"},"thumbnailUrl":"https:\/\/www.pharmanutra.it\/wp-content\/uploads\/2017\/12\/23795362_2082065148683430_3909673113072898952_n.jpg","articleSection":["News &amp; Eventi"],"inLanguage":"it-IT","potentialAction":[{"@type":"CommentAction","name":"Comment","target":["https:\/\/www.pharmanutra.it\/it\/un-2018-ricco-impegni-vitamina-sailing-team\/#respond"]}]},{"@type":"WebPage","@id":"https:\/\/www.pharmanutra.it\/it\/un-2018-ricco-impegni-vitamina-sailing-team\/","url":"https:\/\/www.pharmanutra.it\/it\/un-2018-ricco-impegni-vitamina-sailing-team\/","name":"Un 2018 ricco di impegni per il Vitamina Sailing Team - pharmanutra.it","isPartOf":{"@id":"https:\/\/www.pharmanutra.it\/it\/#website"},"primaryImageOfPage":{"@id":"https:\/\/www.pharmanutra.it\/it\/un-2018-ricco-impegni-vitamina-sailing-team\/#primaryimage"},"image":{"@id":"https:\/\/www.pharmanutra.it\/it\/un-2018-ricco-impegni-vitamina-sailing-team\/#primaryimage"},"thumbnailUrl":"https:\/\/www.pharmanutra.it\/wp-content\/uploads\/2017\/12\/23795362_2082065148683430_3909673113072898952_n.jpg","datePublished":"2017-12-20T11:34:38+00:00","breadcrumb":{"@id":"https:\/\/www.pharmanutra.it\/it\/un-2018-ricco-impegni-vitamina-sailing-team\/#breadcrumb"},"inLanguage":"it-IT","potentialAction":[{"@type":"ReadAction","target":["https:\/\/www.pharmanutra.it\/it\/un-2018-ricco-impegni-vitamina-sailing-team\/"]}]},{"@type":"ImageObject","inLanguage":"it-IT","@id":"https:\/\/www.pharmanutra.it\/it\/un-2018-ricco-impegni-vitamina-sailing-team\/#primaryimage","url":"https:\/\/www.pharmanutra.it\/wp-content\/uploads\/2017\/12\/23795362_2082065148683430_3909673113072898952_n.jpg","contentUrl":"https:\/\/www.pharmanutra.it\/wp-content\/uploads\/2017\/12\/23795362_2082065148683430_3909673113072898952_n.jpg","width":960,"height":638},{"@type":"BreadcrumbList","@id":"https:\/\/www.pharmanutra.it\/it\/un-2018-ricco-impegni-vitamina-sailing-team\/#breadcrumb","itemListElement":[{"@type":"ListItem","position":1,"name":"Home","item":"https:\/\/www.pharmanutra.it\/it\/"},{"@type":"ListItem","position":2,"name":"Un 2018 ricco di impegni per il Vitamina Sailing Team"}]},{"@type":"WebSite","@id":"https:\/\/www.pharmanutra.it\/it\/#website","url":"https:\/\/www.pharmanutra.it\/it\/","name":"pharmanutra.it","description":"","publisher":{"@id":"https:\/\/www.pharmanutra.it\/it\/#organization"},"potentialAction":[{"@type":"SearchAction","target":{"@type":"EntryPoint","urlTemplate":"https:\/\/www.pharmanutra.it\/it\/?s={search_term_string}"},"query-input":{"@type":"PropertyValueSpecification","valueRequired":true,"valueName":"search_term_string"}}],"inLanguage":"it-IT"},{"@type":"Organization","@id":"https:\/\/www.pharmanutra.it\/it\/#organization","name":"pharmanutra.it","url":"https:\/\/www.pharmanutra.it\/it\/","logo":{"@type":"ImageObject","inLanguage":"it-IT","@id":"https:\/\/www.pharmanutra.it\/it\/#\/schema\/logo\/image\/","url":"https:\/\/www.pharmanutra.it\/wp-content\/uploads\/2025\/09\/PHN_LOGO2020color.png","contentUrl":"https:\/\/www.pharmanutra.it\/wp-content\/uploads\/2025\/09\/PHN_LOGO2020color.png","width":1856,"height":210,"caption":"pharmanutra.it"},"image":{"@id":"https:\/\/www.pharmanutra.it\/it\/#\/schema\/logo\/image\/"}},{"@type":"Person","@id":"https:\/\/www.pharmanutra.it\/it\/#\/schema\/person\/1b5e914c93946e660289a6ff8612e2cf","name":"m.montagnani","image":{"@type":"ImageObject","inLanguage":"it-IT","@id":"https:\/\/www.pharmanutra.it\/it\/#\/schema\/person\/image\/","url":"https:\/\/secure.gravatar.com\/avatar\/c1920c0aa85fa094f7614557e0f41c242c5d2632544ee5e7c41d3b8f10570f68?s=96&d=mm&r=g","contentUrl":"https:\/\/secure.gravatar.com\/avatar\/c1920c0aa85fa094f7614557e0f41c242c5d2632544ee5e7c41d3b8f10570f68?s=96&d=mm&r=g","caption":"m.montagnani"},"url":"https:\/\/www.pharmanutra.it\/it\/author\/m-montagnani\/"}]}},"meta_box":[],"_links":{"self":[{"href":"https:\/\/www.pharmanutra.it\/it\/wp-json\/wp\/v2\/posts\/1389","targetHints":{"allow":["GET"]}}],"collection":[{"href":"https:\/\/www.pharmanutra.it\/it\/wp-json\/wp\/v2\/posts"}],"about":[{"href":"https:\/\/www.pharmanutra.it\/it\/wp-json\/wp\/v2\/types\/post"}],"author":[{"embeddable":true,"href":"https:\/\/www.pharmanutra.it\/it\/wp-json\/wp\/v2\/users\/2"}],"replies":[{"embeddable":true,"href":"https:\/\/www.pharmanutra.it\/it\/wp-json\/wp\/v2\/comments?post=1389"}],"version-history":[{"count":0,"href":"https:\/\/www.pharmanutra.it\/it\/wp-json\/wp\/v2\/posts\/1389\/revisions"}],"wp:featuredmedia":[{"embeddable":true,"href":"https:\/\/www.pharmanutra.it\/it\/wp-json\/wp\/v2\/media\/1390"}],"wp:attachment":[{"href":"https:\/\/www.pharmanutra.it\/it\/wp-json\/wp\/v2\/media?parent=1389"}],"wp:term":[{"taxonomy":"category","embeddable":true,"href":"https:\/\/www.pharmanutra.it\/it\/wp-json\/wp\/v2\/categories?post=1389"},{"taxonomy":"post_tag","embeddable":true,"href":"https:\/\/www.pharmanutra.it\/it\/wp-json\/wp\/v2\/tags?post=1389"},{"taxonomy":"anno_documento","embeddable":true,"href":"https:\/\/www.pharmanutra.it\/it\/wp-json\/wp\/v2\/anno_documento?post=1389"}],"curies":[{"name":"wp","href":"https:\/\/api.w.org\/{rel}","templated":true}]}}