{"id":1399,"date":"2018-01-11T12:46:43","date_gmt":"2018-01-11T11:46:43","guid":{"rendered":"http:\/\/www.pharmanutra.it\/it\/?p=1399"},"modified":"2018-01-11T12:46:43","modified_gmt":"2018-01-11T11:46:43","slug":"un-primo-bilancio-sulla-sponsorizzazione-al-parma-calcio-1913","status":"publish","type":"post","link":"https:\/\/www.pharmanutra.it\/it\/un-primo-bilancio-sulla-sponsorizzazione-al-parma-calcio-1913\/","title":{"rendered":"Un primo bilancio sulla sponsorizzazione al Parma Calcio 1913"},"content":{"rendered":"<p>A quattro mesi dall\u2019annuncio ufficiale dell\u2019accordo di <strong>main sponsorship con il Parma Calcio 1913<\/strong>, che ha portato il nostro brand <strong>Cetilar<\/strong> sulle maglie dei crociati attualmente impegnati nel Campionato di Lega B, con <strong>Carlo Volpi, Consigliere Delegato di PharmaNutra SPA,\u00a0<\/strong>abbiamo tracciato un<strong> primo bilancio <\/strong>su questa importante partnership. Un accordo che ha nello stesso Volpi uno dei <strong>principali fautori<\/strong>, e non solo in virt\u00f9 di un affetto che lo lega da sempre alla squadra emiliana in quanto appassionato tifoso.<\/p>\n<p>&nbsp;<\/p>\n<p>\u201cLa passione e il tifo che nutro per il Parma Calcio hanno contribuito, non c\u2019\u00e8 dubbio, ma in questi frangenti, quando si prendono determinate decisioni, chiaramente <strong>sono ben altre le considerazioni e le valutazioni che vengono fatte<\/strong>\u201d, spiega Volpi. Che non nasconde la soddisfazione alla luce di questi <strong>primi quattro mesi<\/strong> al fianco di una delle squadre italiane di calcio pi\u00f9 famose, anche a livello internazionale. \u201cSicuramente <strong>siamo soddisfatti<\/strong>, anche se non abbiamo ancora avuto la possibilit\u00e0 di valutare l\u2019effettivo ritorno dell\u2019investimento, che faremo pi\u00f9 avanti. La soddisfazione deriva dall\u2019aver constatato che questa operazione sta dando una <strong>buona visibilit\u00e0 al marchio Cetilar<\/strong>, e non solo nella piazza di Parma. E dalla certezza di essersi associati ad una squadra che ha un <strong>valore percepito molto importante<\/strong>, indipendentemente dagli ottimi risultati sportivi che sta ottenendo. Il Parma \u00e8 considerato al pari di una squadra di Serie A e la sua rinascita, oltretutto, \u00e8 un bell\u2019esempio di come si possa <strong>dirigere una societ\u00e0 sportiva con seriet\u00e0, professionalit\u00e0 ed efficacia<\/strong>\u201d.<\/p>\n<p>&nbsp;<\/p>\n<p>Molto importanti anche le <strong>iniziative di collaborazione<\/strong> che in questi quattro mesi hanno gi\u00e0 dato ottimi riscontri, vedi l\u2019organizzazione della <strong>seconda tappa di We Are Cetilar<\/strong>, il nostro roadshow itinerante per fisioterapisti, che si \u00e8 svolta a <strong>Parma<\/strong>, presso lo Stadio Tardini, con la <strong>preziosa presenza dello staff medico dei crociati e di una rappresentanza di giocatori<\/strong>. \u201cAbbiamo la possibilit\u00e0 di <strong>collaborare<\/strong> con il Parma Calcio per iniziative che vanno al di l\u00e0 della semplice sponsorizzazione, perch\u00e9 la <strong>sinergia \u00e8 totale<\/strong> ed \u00e8 frutto di un rapporto professionale con societ\u00e0 e staff medico che va avanti da parecchi anni, 8 per la precisione, quindi ben prima che diventassimo main sponsor. La tappa di We Are Cetilar al Tardini, in tal senso, \u00e8 un esempio pratico, ma <strong>seguiranno anche altre iniziative<\/strong>, alcune in corso d\u2019opera e di cui parleremo prossimamente, come un\u2019importante attivit\u00e0 di monitoraggio che stiamo portando avanti con il fine di <strong>migliorare l\u2019aspetto nutrizionale della dieta dei calciatori<\/strong>\u201d.<\/p>\n<p>&nbsp;<\/p>\n<p>Impossibile, visto il recente ingresso in societ\u00e0 del <strong>nuovo Presidente John Jiang Lizhang<\/strong>, uomo di riferimento del colosso del marketing sportivo <strong>DeSports<\/strong> che ha acquisito il 60 per cento delle quote societarie, non chiedere a Volpi un <strong>commento<\/strong> su questo cambio ai vertici della societ\u00e0. \u201cNon ho ancora avuto modo di conoscere personalmente i nuovi vertici, ma mi sembra che abbiano avuto fin da subito un approccio corretto, nel segno della <strong>continuit\u00e0, sinergia e integrazione con il tessuto locale e imprenditoriale<\/strong> che sono stati <strong>determinanti per il rilancio del Parma<\/strong>. Sicuramente vogliono riportare i crociati dove meritano, ovvero ai <strong>vertici del calcio<\/strong>\u201d, conclude il Consigliere Delegato di PharmaNutra SPA.<\/p>\n<p>&nbsp;<\/p>\n","protected":false},"excerpt":{"rendered":"<p>A quattro mesi dall\u2019annuncio ufficiale dell\u2019accordo di main sponsorship con il Parma Calcio 1913, che ha portato il nostro brand Cetilar sulle maglie dei crociati attualmente impegnati nel Campionato di Lega B, con Carlo Volpi, Consigliere Delegato di PharmaNutra SPA,\u00a0abbiamo tracciato un primo bilancio su questa importante partnership. Un accordo che ha nello stesso Volpi [&hellip;]<\/p>\n","protected":false},"author":2,"featured_media":1400,"comment_status":"open","ping_status":"open","sticky":false,"template":"","format":"standard","meta":{"footnotes":""},"categories":[15,1],"tags":[],"anno_documento":[74],"class_list":["post-1399","post","type-post","status-publish","format-standard","has-post-thumbnail","hentry","category-news-eventi","category-senza-categoria","anno_documento-74"],"yoast_head":"<!-- This site is optimized with the Yoast SEO plugin v26.1.1 - https:\/\/yoast.com\/wordpress\/plugins\/seo\/ -->\n<title>Un primo bilancio sulla sponsorizzazione al Parma Calcio 1913 - pharmanutra.it<\/title>\n<meta name=\"robots\" content=\"index, follow, max-snippet:-1, max-image-preview:large, max-video-preview:-1\" \/>\n<link rel=\"canonical\" href=\"https:\/\/www.pharmanutra.it\/it\/un-primo-bilancio-sulla-sponsorizzazione-al-parma-calcio-1913\/\" \/>\n<meta property=\"og:locale\" content=\"it_IT\" \/>\n<meta property=\"og:type\" content=\"article\" \/>\n<meta property=\"og:title\" content=\"Un primo bilancio sulla sponsorizzazione al Parma Calcio 1913 - pharmanutra.it\" \/>\n<meta property=\"og:description\" content=\"A quattro mesi dall\u2019annuncio ufficiale dell\u2019accordo di main sponsorship con il Parma Calcio 1913, che ha portato il nostro brand Cetilar sulle maglie dei crociati attualmente impegnati nel Campionato di Lega B, con Carlo Volpi, Consigliere Delegato di PharmaNutra SPA,\u00a0abbiamo tracciato un primo bilancio su questa importante partnership. Un accordo che ha nello stesso Volpi [&hellip;]\" \/>\n<meta property=\"og:url\" content=\"https:\/\/www.pharmanutra.it\/it\/un-primo-bilancio-sulla-sponsorizzazione-al-parma-calcio-1913\/\" \/>\n<meta property=\"og:site_name\" content=\"pharmanutra.it\" \/>\n<meta property=\"article:published_time\" content=\"2018-01-11T11:46:43+00:00\" \/>\n<meta property=\"og:image\" content=\"https:\/\/www.pharmanutra.it\/wp-content\/uploads\/2018\/01\/volpi.jpg\" \/>\n\t<meta property=\"og:image:width\" content=\"1024\" \/>\n\t<meta property=\"og:image:height\" content=\"681\" \/>\n\t<meta property=\"og:image:type\" content=\"image\/jpeg\" \/>\n<meta name=\"author\" content=\"m.montagnani\" \/>\n<meta name=\"twitter:card\" content=\"summary_large_image\" \/>\n<meta name=\"twitter:label1\" content=\"Scritto da\" \/>\n\t<meta name=\"twitter:data1\" content=\"m.montagnani\" \/>\n\t<meta name=\"twitter:label2\" content=\"Tempo di lettura stimato\" \/>\n\t<meta name=\"twitter:data2\" content=\"3 minuti\" \/>\n<script type=\"application\/ld+json\" class=\"yoast-schema-graph\">{\"@context\":\"https:\/\/schema.org\",\"@graph\":[{\"@type\":\"Article\",\"@id\":\"https:\/\/www.pharmanutra.it\/it\/un-primo-bilancio-sulla-sponsorizzazione-al-parma-calcio-1913\/#article\",\"isPartOf\":{\"@id\":\"https:\/\/www.pharmanutra.it\/it\/un-primo-bilancio-sulla-sponsorizzazione-al-parma-calcio-1913\/\"},\"author\":{\"name\":\"m.montagnani\",\"@id\":\"https:\/\/www.pharmanutra.it\/it\/#\/schema\/person\/1b5e914c93946e660289a6ff8612e2cf\"},\"headline\":\"Un primo bilancio sulla sponsorizzazione al Parma Calcio 1913\",\"datePublished\":\"2018-01-11T11:46:43+00:00\",\"mainEntityOfPage\":{\"@id\":\"https:\/\/www.pharmanutra.it\/it\/un-primo-bilancio-sulla-sponsorizzazione-al-parma-calcio-1913\/\"},\"wordCount\":527,\"commentCount\":0,\"publisher\":{\"@id\":\"https:\/\/www.pharmanutra.it\/it\/#organization\"},\"image\":{\"@id\":\"https:\/\/www.pharmanutra.it\/it\/un-primo-bilancio-sulla-sponsorizzazione-al-parma-calcio-1913\/#primaryimage\"},\"thumbnailUrl\":\"https:\/\/www.pharmanutra.it\/wp-content\/uploads\/2018\/01\/volpi.jpg\",\"articleSection\":[\"News &amp; Eventi\"],\"inLanguage\":\"it-IT\",\"potentialAction\":[{\"@type\":\"CommentAction\",\"name\":\"Comment\",\"target\":[\"https:\/\/www.pharmanutra.it\/it\/un-primo-bilancio-sulla-sponsorizzazione-al-parma-calcio-1913\/#respond\"]}]},{\"@type\":\"WebPage\",\"@id\":\"https:\/\/www.pharmanutra.it\/it\/un-primo-bilancio-sulla-sponsorizzazione-al-parma-calcio-1913\/\",\"url\":\"https:\/\/www.pharmanutra.it\/it\/un-primo-bilancio-sulla-sponsorizzazione-al-parma-calcio-1913\/\",\"name\":\"Un primo bilancio sulla sponsorizzazione al Parma Calcio 1913 - pharmanutra.it\",\"isPartOf\":{\"@id\":\"https:\/\/www.pharmanutra.it\/it\/#website\"},\"primaryImageOfPage\":{\"@id\":\"https:\/\/www.pharmanutra.it\/it\/un-primo-bilancio-sulla-sponsorizzazione-al-parma-calcio-1913\/#primaryimage\"},\"image\":{\"@id\":\"https:\/\/www.pharmanutra.it\/it\/un-primo-bilancio-sulla-sponsorizzazione-al-parma-calcio-1913\/#primaryimage\"},\"thumbnailUrl\":\"https:\/\/www.pharmanutra.it\/wp-content\/uploads\/2018\/01\/volpi.jpg\",\"datePublished\":\"2018-01-11T11:46:43+00:00\",\"breadcrumb\":{\"@id\":\"https:\/\/www.pharmanutra.it\/it\/un-primo-bilancio-sulla-sponsorizzazione-al-parma-calcio-1913\/#breadcrumb\"},\"inLanguage\":\"it-IT\",\"potentialAction\":[{\"@type\":\"ReadAction\",\"target\":[\"https:\/\/www.pharmanutra.it\/it\/un-primo-bilancio-sulla-sponsorizzazione-al-parma-calcio-1913\/\"]}]},{\"@type\":\"ImageObject\",\"inLanguage\":\"it-IT\",\"@id\":\"https:\/\/www.pharmanutra.it\/it\/un-primo-bilancio-sulla-sponsorizzazione-al-parma-calcio-1913\/#primaryimage\",\"url\":\"https:\/\/www.pharmanutra.it\/wp-content\/uploads\/2018\/01\/volpi.jpg\",\"contentUrl\":\"https:\/\/www.pharmanutra.it\/wp-content\/uploads\/2018\/01\/volpi.jpg\",\"width\":1024,\"height\":681},{\"@type\":\"BreadcrumbList\",\"@id\":\"https:\/\/www.pharmanutra.it\/it\/un-primo-bilancio-sulla-sponsorizzazione-al-parma-calcio-1913\/#breadcrumb\",\"itemListElement\":[{\"@type\":\"ListItem\",\"position\":1,\"name\":\"Home\",\"item\":\"https:\/\/www.pharmanutra.it\/it\/\"},{\"@type\":\"ListItem\",\"position\":2,\"name\":\"Un primo bilancio sulla sponsorizzazione al Parma Calcio 1913\"}]},{\"@type\":\"WebSite\",\"@id\":\"https:\/\/www.pharmanutra.it\/it\/#website\",\"url\":\"https:\/\/www.pharmanutra.it\/it\/\",\"name\":\"pharmanutra.it\",\"description\":\"\",\"publisher\":{\"@id\":\"https:\/\/www.pharmanutra.it\/it\/#organization\"},\"potentialAction\":[{\"@type\":\"SearchAction\",\"target\":{\"@type\":\"EntryPoint\",\"urlTemplate\":\"https:\/\/www.pharmanutra.it\/it\/?s={search_term_string}\"},\"query-input\":{\"@type\":\"PropertyValueSpecification\",\"valueRequired\":true,\"valueName\":\"search_term_string\"}}],\"inLanguage\":\"it-IT\"},{\"@type\":\"Organization\",\"@id\":\"https:\/\/www.pharmanutra.it\/it\/#organization\",\"name\":\"pharmanutra.it\",\"url\":\"https:\/\/www.pharmanutra.it\/it\/\",\"logo\":{\"@type\":\"ImageObject\",\"inLanguage\":\"it-IT\",\"@id\":\"https:\/\/www.pharmanutra.it\/it\/#\/schema\/logo\/image\/\",\"url\":\"https:\/\/www.pharmanutra.it\/wp-content\/uploads\/2025\/09\/PHN_LOGO2020color.png\",\"contentUrl\":\"https:\/\/www.pharmanutra.it\/wp-content\/uploads\/2025\/09\/PHN_LOGO2020color.png\",\"width\":1856,\"height\":210,\"caption\":\"pharmanutra.it\"},\"image\":{\"@id\":\"https:\/\/www.pharmanutra.it\/it\/#\/schema\/logo\/image\/\"}},{\"@type\":\"Person\",\"@id\":\"https:\/\/www.pharmanutra.it\/it\/#\/schema\/person\/1b5e914c93946e660289a6ff8612e2cf\",\"name\":\"m.montagnani\",\"image\":{\"@type\":\"ImageObject\",\"inLanguage\":\"it-IT\",\"@id\":\"https:\/\/www.pharmanutra.it\/it\/#\/schema\/person\/image\/\",\"url\":\"https:\/\/secure.gravatar.com\/avatar\/c1920c0aa85fa094f7614557e0f41c242c5d2632544ee5e7c41d3b8f10570f68?s=96&d=mm&r=g\",\"contentUrl\":\"https:\/\/secure.gravatar.com\/avatar\/c1920c0aa85fa094f7614557e0f41c242c5d2632544ee5e7c41d3b8f10570f68?s=96&d=mm&r=g\",\"caption\":\"m.montagnani\"},\"url\":\"https:\/\/www.pharmanutra.it\/it\/author\/m-montagnani\/\"}]}<\/script>\n<!-- \/ Yoast SEO plugin. -->","yoast_head_json":{"title":"Un primo bilancio sulla sponsorizzazione al Parma Calcio 1913 - pharmanutra.it","robots":{"index":"index","follow":"follow","max-snippet":"max-snippet:-1","max-image-preview":"max-image-preview:large","max-video-preview":"max-video-preview:-1"},"canonical":"https:\/\/www.pharmanutra.it\/it\/un-primo-bilancio-sulla-sponsorizzazione-al-parma-calcio-1913\/","og_locale":"it_IT","og_type":"article","og_title":"Un primo bilancio sulla sponsorizzazione al Parma Calcio 1913 - pharmanutra.it","og_description":"A quattro mesi dall\u2019annuncio ufficiale dell\u2019accordo di main sponsorship con il Parma Calcio 1913, che ha portato il nostro brand Cetilar sulle maglie dei crociati attualmente impegnati nel Campionato di Lega B, con Carlo Volpi, Consigliere Delegato di PharmaNutra SPA,\u00a0abbiamo tracciato un primo bilancio su questa importante partnership. Un accordo che ha nello stesso Volpi [&hellip;]","og_url":"https:\/\/www.pharmanutra.it\/it\/un-primo-bilancio-sulla-sponsorizzazione-al-parma-calcio-1913\/","og_site_name":"pharmanutra.it","article_published_time":"2018-01-11T11:46:43+00:00","og_image":[{"width":1024,"height":681,"url":"https:\/\/www.pharmanutra.it\/wp-content\/uploads\/2018\/01\/volpi.jpg","type":"image\/jpeg"}],"author":"m.montagnani","twitter_card":"summary_large_image","twitter_misc":{"Scritto da":"m.montagnani","Tempo di lettura stimato":"3 minuti"},"schema":{"@context":"https:\/\/schema.org","@graph":[{"@type":"Article","@id":"https:\/\/www.pharmanutra.it\/it\/un-primo-bilancio-sulla-sponsorizzazione-al-parma-calcio-1913\/#article","isPartOf":{"@id":"https:\/\/www.pharmanutra.it\/it\/un-primo-bilancio-sulla-sponsorizzazione-al-parma-calcio-1913\/"},"author":{"name":"m.montagnani","@id":"https:\/\/www.pharmanutra.it\/it\/#\/schema\/person\/1b5e914c93946e660289a6ff8612e2cf"},"headline":"Un primo bilancio sulla sponsorizzazione al Parma Calcio 1913","datePublished":"2018-01-11T11:46:43+00:00","mainEntityOfPage":{"@id":"https:\/\/www.pharmanutra.it\/it\/un-primo-bilancio-sulla-sponsorizzazione-al-parma-calcio-1913\/"},"wordCount":527,"commentCount":0,"publisher":{"@id":"https:\/\/www.pharmanutra.it\/it\/#organization"},"image":{"@id":"https:\/\/www.pharmanutra.it\/it\/un-primo-bilancio-sulla-sponsorizzazione-al-parma-calcio-1913\/#primaryimage"},"thumbnailUrl":"https:\/\/www.pharmanutra.it\/wp-content\/uploads\/2018\/01\/volpi.jpg","articleSection":["News &amp; Eventi"],"inLanguage":"it-IT","potentialAction":[{"@type":"CommentAction","name":"Comment","target":["https:\/\/www.pharmanutra.it\/it\/un-primo-bilancio-sulla-sponsorizzazione-al-parma-calcio-1913\/#respond"]}]},{"@type":"WebPage","@id":"https:\/\/www.pharmanutra.it\/it\/un-primo-bilancio-sulla-sponsorizzazione-al-parma-calcio-1913\/","url":"https:\/\/www.pharmanutra.it\/it\/un-primo-bilancio-sulla-sponsorizzazione-al-parma-calcio-1913\/","name":"Un primo bilancio sulla sponsorizzazione al Parma Calcio 1913 - pharmanutra.it","isPartOf":{"@id":"https:\/\/www.pharmanutra.it\/it\/#website"},"primaryImageOfPage":{"@id":"https:\/\/www.pharmanutra.it\/it\/un-primo-bilancio-sulla-sponsorizzazione-al-parma-calcio-1913\/#primaryimage"},"image":{"@id":"https:\/\/www.pharmanutra.it\/it\/un-primo-bilancio-sulla-sponsorizzazione-al-parma-calcio-1913\/#primaryimage"},"thumbnailUrl":"https:\/\/www.pharmanutra.it\/wp-content\/uploads\/2018\/01\/volpi.jpg","datePublished":"2018-01-11T11:46:43+00:00","breadcrumb":{"@id":"https:\/\/www.pharmanutra.it\/it\/un-primo-bilancio-sulla-sponsorizzazione-al-parma-calcio-1913\/#breadcrumb"},"inLanguage":"it-IT","potentialAction":[{"@type":"ReadAction","target":["https:\/\/www.pharmanutra.it\/it\/un-primo-bilancio-sulla-sponsorizzazione-al-parma-calcio-1913\/"]}]},{"@type":"ImageObject","inLanguage":"it-IT","@id":"https:\/\/www.pharmanutra.it\/it\/un-primo-bilancio-sulla-sponsorizzazione-al-parma-calcio-1913\/#primaryimage","url":"https:\/\/www.pharmanutra.it\/wp-content\/uploads\/2018\/01\/volpi.jpg","contentUrl":"https:\/\/www.pharmanutra.it\/wp-content\/uploads\/2018\/01\/volpi.jpg","width":1024,"height":681},{"@type":"BreadcrumbList","@id":"https:\/\/www.pharmanutra.it\/it\/un-primo-bilancio-sulla-sponsorizzazione-al-parma-calcio-1913\/#breadcrumb","itemListElement":[{"@type":"ListItem","position":1,"name":"Home","item":"https:\/\/www.pharmanutra.it\/it\/"},{"@type":"ListItem","position":2,"name":"Un primo bilancio sulla sponsorizzazione al Parma Calcio 1913"}]},{"@type":"WebSite","@id":"https:\/\/www.pharmanutra.it\/it\/#website","url":"https:\/\/www.pharmanutra.it\/it\/","name":"pharmanutra.it","description":"","publisher":{"@id":"https:\/\/www.pharmanutra.it\/it\/#organization"},"potentialAction":[{"@type":"SearchAction","target":{"@type":"EntryPoint","urlTemplate":"https:\/\/www.pharmanutra.it\/it\/?s={search_term_string}"},"query-input":{"@type":"PropertyValueSpecification","valueRequired":true,"valueName":"search_term_string"}}],"inLanguage":"it-IT"},{"@type":"Organization","@id":"https:\/\/www.pharmanutra.it\/it\/#organization","name":"pharmanutra.it","url":"https:\/\/www.pharmanutra.it\/it\/","logo":{"@type":"ImageObject","inLanguage":"it-IT","@id":"https:\/\/www.pharmanutra.it\/it\/#\/schema\/logo\/image\/","url":"https:\/\/www.pharmanutra.it\/wp-content\/uploads\/2025\/09\/PHN_LOGO2020color.png","contentUrl":"https:\/\/www.pharmanutra.it\/wp-content\/uploads\/2025\/09\/PHN_LOGO2020color.png","width":1856,"height":210,"caption":"pharmanutra.it"},"image":{"@id":"https:\/\/www.pharmanutra.it\/it\/#\/schema\/logo\/image\/"}},{"@type":"Person","@id":"https:\/\/www.pharmanutra.it\/it\/#\/schema\/person\/1b5e914c93946e660289a6ff8612e2cf","name":"m.montagnani","image":{"@type":"ImageObject","inLanguage":"it-IT","@id":"https:\/\/www.pharmanutra.it\/it\/#\/schema\/person\/image\/","url":"https:\/\/secure.gravatar.com\/avatar\/c1920c0aa85fa094f7614557e0f41c242c5d2632544ee5e7c41d3b8f10570f68?s=96&d=mm&r=g","contentUrl":"https:\/\/secure.gravatar.com\/avatar\/c1920c0aa85fa094f7614557e0f41c242c5d2632544ee5e7c41d3b8f10570f68?s=96&d=mm&r=g","caption":"m.montagnani"},"url":"https:\/\/www.pharmanutra.it\/it\/author\/m-montagnani\/"}]}},"meta_box":[],"_links":{"self":[{"href":"https:\/\/www.pharmanutra.it\/it\/wp-json\/wp\/v2\/posts\/1399","targetHints":{"allow":["GET"]}}],"collection":[{"href":"https:\/\/www.pharmanutra.it\/it\/wp-json\/wp\/v2\/posts"}],"about":[{"href":"https:\/\/www.pharmanutra.it\/it\/wp-json\/wp\/v2\/types\/post"}],"author":[{"embeddable":true,"href":"https:\/\/www.pharmanutra.it\/it\/wp-json\/wp\/v2\/users\/2"}],"replies":[{"embeddable":true,"href":"https:\/\/www.pharmanutra.it\/it\/wp-json\/wp\/v2\/comments?post=1399"}],"version-history":[{"count":0,"href":"https:\/\/www.pharmanutra.it\/it\/wp-json\/wp\/v2\/posts\/1399\/revisions"}],"wp:featuredmedia":[{"embeddable":true,"href":"https:\/\/www.pharmanutra.it\/it\/wp-json\/wp\/v2\/media\/1400"}],"wp:attachment":[{"href":"https:\/\/www.pharmanutra.it\/it\/wp-json\/wp\/v2\/media?parent=1399"}],"wp:term":[{"taxonomy":"category","embeddable":true,"href":"https:\/\/www.pharmanutra.it\/it\/wp-json\/wp\/v2\/categories?post=1399"},{"taxonomy":"post_tag","embeddable":true,"href":"https:\/\/www.pharmanutra.it\/it\/wp-json\/wp\/v2\/tags?post=1399"},{"taxonomy":"anno_documento","embeddable":true,"href":"https:\/\/www.pharmanutra.it\/it\/wp-json\/wp\/v2\/anno_documento?post=1399"}],"curies":[{"name":"wp","href":"https:\/\/api.w.org\/{rel}","templated":true}]}}