{"id":211,"date":"2013-09-26T08:29:49","date_gmt":"2013-09-26T06:29:49","guid":{"rendered":"http:\/\/www.pharmanutra.it\/celadrin-msr-corse-e-pronta-per-il-finale-di-stagione\/"},"modified":"2013-09-26T08:29:49","modified_gmt":"2013-09-26T06:29:49","slug":"celadrin-msr-corse-e-pronta-per-il-finale-di-stagione","status":"publish","type":"post","link":"https:\/\/www.pharmanutra.it\/it\/celadrin-msr-corse-e-pronta-per-il-finale-di-stagione\/","title":{"rendered":"CELADRIN MSR CORSE \u00c8 PRONTA PER IL FINALE DI STAGIONE"},"content":{"rendered":"<p>Non \u00e8 stato solo uno semplice shakedown della seconda vettura targata Celadrin quello dei giorni scorsi ad Imola. Le Tatuus PY012 hanno fatto molti chilometri di test permettendo alla squadra di trovare la migliore messa a punto sia dal punto di vista meccanico sia dal punto di vista aerodinamico.<br \/>Roberto Lacorte ha registrato buonissimi riscontri cronometrici e si \u00e8 costantemente migliorato segnando un 1&#8217;45.5 e ha saputo dominare un circuito cos\u00ec tecnico come quello di Imola.<br \/>Azcarate ha segnato ottimi tempi (1&#8217;46.0) in una pista a lui nuova. Il pilota venezuelano si \u00e8 subito inserito nel team e ha trovato una buona confidenza con la vettura. &#8220;\u00c8 un pilota giovane ma si \u00e8 dimostrato competitivo&#8221; \u2013 ha affermato Max Sigalini a fine giornata, soddisfatto dei risultati ottenuti dai 3 driver.<br \/>Come Roberto Lacorte, anche Juan Cayo Azcarate sar\u00e0 seguito dal suo coach Giorgio Sernagiotto. Il suo apporto durante la prova \u00e8 stato fondamentale per la formazione del venezuelano e per lo sviluppo delle Tatuus della Celadrin MSR Corse. Il pilota veneto ha anche registrato il miglior tempo assoluto della giornata (1&#8217;43.6).<br \/>&#8220;Siamo contenti del nuovo ingaggio e della seconda macchina. Supporteremo il team nel suo sviluppo e siamo certi che la vettura di Azcarate contribuir\u00e0 molto alla crescita della squadra&#8221; \u2013 ha dichiarato Gianfranco De Bellis, titolare della casa milanese presente al test.<\/p>\n","protected":false},"excerpt":{"rendered":"<p>Ottimo lavoro per la squadra che \u00e8 pronta ad affrontare le ultime gare in programma con due equipaggi<\/p>\n","protected":false},"author":2,"featured_media":212,"comment_status":"open","ping_status":"open","sticky":false,"template":"","format":"standard","meta":{"footnotes":""},"categories":[15,1],"tags":[],"anno_documento":[68],"class_list":["post-211","post","type-post","status-publish","format-standard","has-post-thumbnail","hentry","category-news-eventi","category-senza-categoria","anno_documento-68"],"yoast_head":"<!-- This site is optimized with the Yoast SEO plugin v26.1.1 - https:\/\/yoast.com\/wordpress\/plugins\/seo\/ -->\n<title>CELADRIN MSR CORSE \u00c8 PRONTA PER IL FINALE DI STAGIONE - pharmanutra.it<\/title>\n<meta name=\"robots\" content=\"index, follow, max-snippet:-1, max-image-preview:large, max-video-preview:-1\" \/>\n<link rel=\"canonical\" href=\"https:\/\/www.pharmanutra.it\/it\/celadrin-msr-corse-e-pronta-per-il-finale-di-stagione\/\" \/>\n<meta property=\"og:locale\" content=\"it_IT\" \/>\n<meta property=\"og:type\" content=\"article\" \/>\n<meta property=\"og:title\" content=\"CELADRIN MSR CORSE \u00c8 PRONTA PER IL FINALE DI STAGIONE - pharmanutra.it\" \/>\n<meta property=\"og:description\" content=\"Ottimo lavoro per la squadra che \u00e8 pronta ad affrontare le ultime gare in programma con due equipaggi\" \/>\n<meta property=\"og:url\" content=\"https:\/\/www.pharmanutra.it\/it\/celadrin-msr-corse-e-pronta-per-il-finale-di-stagione\/\" \/>\n<meta property=\"og:site_name\" content=\"pharmanutra.it\" \/>\n<meta property=\"article:published_time\" content=\"2013-09-26T06:29:49+00:00\" \/>\n<meta property=\"og:image\" content=\"https:\/\/www.pharmanutra.it\/wp-content\/uploads\/2013\/09\/msr-corse-news.jpg\" \/>\n\t<meta property=\"og:image:width\" content=\"940\" \/>\n\t<meta property=\"og:image:height\" content=\"413\" \/>\n\t<meta property=\"og:image:type\" content=\"image\/jpeg\" \/>\n<meta name=\"author\" content=\"m.montagnani\" \/>\n<meta name=\"twitter:card\" content=\"summary_large_image\" \/>\n<meta name=\"twitter:label1\" content=\"Scritto da\" \/>\n\t<meta name=\"twitter:data1\" content=\"m.montagnani\" \/>\n\t<meta name=\"twitter:label2\" content=\"Tempo di lettura stimato\" \/>\n\t<meta name=\"twitter:data2\" content=\"1 minuto\" \/>\n<script type=\"application\/ld+json\" class=\"yoast-schema-graph\">{\"@context\":\"https:\/\/schema.org\",\"@graph\":[{\"@type\":\"Article\",\"@id\":\"https:\/\/www.pharmanutra.it\/it\/celadrin-msr-corse-e-pronta-per-il-finale-di-stagione\/#article\",\"isPartOf\":{\"@id\":\"https:\/\/www.pharmanutra.it\/it\/celadrin-msr-corse-e-pronta-per-il-finale-di-stagione\/\"},\"author\":{\"name\":\"m.montagnani\",\"@id\":\"https:\/\/www.pharmanutra.it\/it\/#\/schema\/person\/1b5e914c93946e660289a6ff8612e2cf\"},\"headline\":\"CELADRIN MSR CORSE \u00c8 PRONTA PER IL FINALE DI STAGIONE\",\"datePublished\":\"2013-09-26T06:29:49+00:00\",\"mainEntityOfPage\":{\"@id\":\"https:\/\/www.pharmanutra.it\/it\/celadrin-msr-corse-e-pronta-per-il-finale-di-stagione\/\"},\"wordCount\":220,\"commentCount\":0,\"publisher\":{\"@id\":\"https:\/\/www.pharmanutra.it\/it\/#organization\"},\"image\":{\"@id\":\"https:\/\/www.pharmanutra.it\/it\/celadrin-msr-corse-e-pronta-per-il-finale-di-stagione\/#primaryimage\"},\"thumbnailUrl\":\"https:\/\/www.pharmanutra.it\/wp-content\/uploads\/2013\/09\/msr-corse-news.jpg\",\"articleSection\":[\"News &amp; Eventi\"],\"inLanguage\":\"it-IT\",\"potentialAction\":[{\"@type\":\"CommentAction\",\"name\":\"Comment\",\"target\":[\"https:\/\/www.pharmanutra.it\/it\/celadrin-msr-corse-e-pronta-per-il-finale-di-stagione\/#respond\"]}]},{\"@type\":\"WebPage\",\"@id\":\"https:\/\/www.pharmanutra.it\/it\/celadrin-msr-corse-e-pronta-per-il-finale-di-stagione\/\",\"url\":\"https:\/\/www.pharmanutra.it\/it\/celadrin-msr-corse-e-pronta-per-il-finale-di-stagione\/\",\"name\":\"CELADRIN MSR CORSE \u00c8 PRONTA PER IL FINALE DI STAGIONE - pharmanutra.it\",\"isPartOf\":{\"@id\":\"https:\/\/www.pharmanutra.it\/it\/#website\"},\"primaryImageOfPage\":{\"@id\":\"https:\/\/www.pharmanutra.it\/it\/celadrin-msr-corse-e-pronta-per-il-finale-di-stagione\/#primaryimage\"},\"image\":{\"@id\":\"https:\/\/www.pharmanutra.it\/it\/celadrin-msr-corse-e-pronta-per-il-finale-di-stagione\/#primaryimage\"},\"thumbnailUrl\":\"https:\/\/www.pharmanutra.it\/wp-content\/uploads\/2013\/09\/msr-corse-news.jpg\",\"datePublished\":\"2013-09-26T06:29:49+00:00\",\"breadcrumb\":{\"@id\":\"https:\/\/www.pharmanutra.it\/it\/celadrin-msr-corse-e-pronta-per-il-finale-di-stagione\/#breadcrumb\"},\"inLanguage\":\"it-IT\",\"potentialAction\":[{\"@type\":\"ReadAction\",\"target\":[\"https:\/\/www.pharmanutra.it\/it\/celadrin-msr-corse-e-pronta-per-il-finale-di-stagione\/\"]}]},{\"@type\":\"ImageObject\",\"inLanguage\":\"it-IT\",\"@id\":\"https:\/\/www.pharmanutra.it\/it\/celadrin-msr-corse-e-pronta-per-il-finale-di-stagione\/#primaryimage\",\"url\":\"https:\/\/www.pharmanutra.it\/wp-content\/uploads\/2013\/09\/msr-corse-news.jpg\",\"contentUrl\":\"https:\/\/www.pharmanutra.it\/wp-content\/uploads\/2013\/09\/msr-corse-news.jpg\",\"width\":940,\"height\":413},{\"@type\":\"BreadcrumbList\",\"@id\":\"https:\/\/www.pharmanutra.it\/it\/celadrin-msr-corse-e-pronta-per-il-finale-di-stagione\/#breadcrumb\",\"itemListElement\":[{\"@type\":\"ListItem\",\"position\":1,\"name\":\"Home\",\"item\":\"https:\/\/www.pharmanutra.it\/it\/\"},{\"@type\":\"ListItem\",\"position\":2,\"name\":\"CELADRIN MSR CORSE \u00c8 PRONTA PER IL FINALE DI STAGIONE\"}]},{\"@type\":\"WebSite\",\"@id\":\"https:\/\/www.pharmanutra.it\/it\/#website\",\"url\":\"https:\/\/www.pharmanutra.it\/it\/\",\"name\":\"pharmanutra.it\",\"description\":\"\",\"publisher\":{\"@id\":\"https:\/\/www.pharmanutra.it\/it\/#organization\"},\"potentialAction\":[{\"@type\":\"SearchAction\",\"target\":{\"@type\":\"EntryPoint\",\"urlTemplate\":\"https:\/\/www.pharmanutra.it\/it\/?s={search_term_string}\"},\"query-input\":{\"@type\":\"PropertyValueSpecification\",\"valueRequired\":true,\"valueName\":\"search_term_string\"}}],\"inLanguage\":\"it-IT\"},{\"@type\":\"Organization\",\"@id\":\"https:\/\/www.pharmanutra.it\/it\/#organization\",\"name\":\"pharmanutra.it\",\"url\":\"https:\/\/www.pharmanutra.it\/it\/\",\"logo\":{\"@type\":\"ImageObject\",\"inLanguage\":\"it-IT\",\"@id\":\"https:\/\/www.pharmanutra.it\/it\/#\/schema\/logo\/image\/\",\"url\":\"https:\/\/www.pharmanutra.it\/wp-content\/uploads\/2025\/09\/PHN_LOGO2020color.png\",\"contentUrl\":\"https:\/\/www.pharmanutra.it\/wp-content\/uploads\/2025\/09\/PHN_LOGO2020color.png\",\"width\":1856,\"height\":210,\"caption\":\"pharmanutra.it\"},\"image\":{\"@id\":\"https:\/\/www.pharmanutra.it\/it\/#\/schema\/logo\/image\/\"}},{\"@type\":\"Person\",\"@id\":\"https:\/\/www.pharmanutra.it\/it\/#\/schema\/person\/1b5e914c93946e660289a6ff8612e2cf\",\"name\":\"m.montagnani\",\"image\":{\"@type\":\"ImageObject\",\"inLanguage\":\"it-IT\",\"@id\":\"https:\/\/www.pharmanutra.it\/it\/#\/schema\/person\/image\/\",\"url\":\"https:\/\/secure.gravatar.com\/avatar\/c1920c0aa85fa094f7614557e0f41c242c5d2632544ee5e7c41d3b8f10570f68?s=96&d=mm&r=g\",\"contentUrl\":\"https:\/\/secure.gravatar.com\/avatar\/c1920c0aa85fa094f7614557e0f41c242c5d2632544ee5e7c41d3b8f10570f68?s=96&d=mm&r=g\",\"caption\":\"m.montagnani\"},\"url\":\"https:\/\/www.pharmanutra.it\/it\/author\/m-montagnani\/\"}]}<\/script>\n<!-- \/ Yoast SEO plugin. -->","yoast_head_json":{"title":"CELADRIN MSR CORSE \u00c8 PRONTA PER IL FINALE DI STAGIONE - pharmanutra.it","robots":{"index":"index","follow":"follow","max-snippet":"max-snippet:-1","max-image-preview":"max-image-preview:large","max-video-preview":"max-video-preview:-1"},"canonical":"https:\/\/www.pharmanutra.it\/it\/celadrin-msr-corse-e-pronta-per-il-finale-di-stagione\/","og_locale":"it_IT","og_type":"article","og_title":"CELADRIN MSR CORSE \u00c8 PRONTA PER IL FINALE DI STAGIONE - pharmanutra.it","og_description":"Ottimo lavoro per la squadra che \u00e8 pronta ad affrontare le ultime gare in programma con due equipaggi","og_url":"https:\/\/www.pharmanutra.it\/it\/celadrin-msr-corse-e-pronta-per-il-finale-di-stagione\/","og_site_name":"pharmanutra.it","article_published_time":"2013-09-26T06:29:49+00:00","og_image":[{"width":940,"height":413,"url":"https:\/\/www.pharmanutra.it\/wp-content\/uploads\/2013\/09\/msr-corse-news.jpg","type":"image\/jpeg"}],"author":"m.montagnani","twitter_card":"summary_large_image","twitter_misc":{"Scritto da":"m.montagnani","Tempo di lettura stimato":"1 minuto"},"schema":{"@context":"https:\/\/schema.org","@graph":[{"@type":"Article","@id":"https:\/\/www.pharmanutra.it\/it\/celadrin-msr-corse-e-pronta-per-il-finale-di-stagione\/#article","isPartOf":{"@id":"https:\/\/www.pharmanutra.it\/it\/celadrin-msr-corse-e-pronta-per-il-finale-di-stagione\/"},"author":{"name":"m.montagnani","@id":"https:\/\/www.pharmanutra.it\/it\/#\/schema\/person\/1b5e914c93946e660289a6ff8612e2cf"},"headline":"CELADRIN MSR CORSE \u00c8 PRONTA PER IL FINALE DI STAGIONE","datePublished":"2013-09-26T06:29:49+00:00","mainEntityOfPage":{"@id":"https:\/\/www.pharmanutra.it\/it\/celadrin-msr-corse-e-pronta-per-il-finale-di-stagione\/"},"wordCount":220,"commentCount":0,"publisher":{"@id":"https:\/\/www.pharmanutra.it\/it\/#organization"},"image":{"@id":"https:\/\/www.pharmanutra.it\/it\/celadrin-msr-corse-e-pronta-per-il-finale-di-stagione\/#primaryimage"},"thumbnailUrl":"https:\/\/www.pharmanutra.it\/wp-content\/uploads\/2013\/09\/msr-corse-news.jpg","articleSection":["News &amp; Eventi"],"inLanguage":"it-IT","potentialAction":[{"@type":"CommentAction","name":"Comment","target":["https:\/\/www.pharmanutra.it\/it\/celadrin-msr-corse-e-pronta-per-il-finale-di-stagione\/#respond"]}]},{"@type":"WebPage","@id":"https:\/\/www.pharmanutra.it\/it\/celadrin-msr-corse-e-pronta-per-il-finale-di-stagione\/","url":"https:\/\/www.pharmanutra.it\/it\/celadrin-msr-corse-e-pronta-per-il-finale-di-stagione\/","name":"CELADRIN MSR CORSE \u00c8 PRONTA PER IL FINALE DI STAGIONE - pharmanutra.it","isPartOf":{"@id":"https:\/\/www.pharmanutra.it\/it\/#website"},"primaryImageOfPage":{"@id":"https:\/\/www.pharmanutra.it\/it\/celadrin-msr-corse-e-pronta-per-il-finale-di-stagione\/#primaryimage"},"image":{"@id":"https:\/\/www.pharmanutra.it\/it\/celadrin-msr-corse-e-pronta-per-il-finale-di-stagione\/#primaryimage"},"thumbnailUrl":"https:\/\/www.pharmanutra.it\/wp-content\/uploads\/2013\/09\/msr-corse-news.jpg","datePublished":"2013-09-26T06:29:49+00:00","breadcrumb":{"@id":"https:\/\/www.pharmanutra.it\/it\/celadrin-msr-corse-e-pronta-per-il-finale-di-stagione\/#breadcrumb"},"inLanguage":"it-IT","potentialAction":[{"@type":"ReadAction","target":["https:\/\/www.pharmanutra.it\/it\/celadrin-msr-corse-e-pronta-per-il-finale-di-stagione\/"]}]},{"@type":"ImageObject","inLanguage":"it-IT","@id":"https:\/\/www.pharmanutra.it\/it\/celadrin-msr-corse-e-pronta-per-il-finale-di-stagione\/#primaryimage","url":"https:\/\/www.pharmanutra.it\/wp-content\/uploads\/2013\/09\/msr-corse-news.jpg","contentUrl":"https:\/\/www.pharmanutra.it\/wp-content\/uploads\/2013\/09\/msr-corse-news.jpg","width":940,"height":413},{"@type":"BreadcrumbList","@id":"https:\/\/www.pharmanutra.it\/it\/celadrin-msr-corse-e-pronta-per-il-finale-di-stagione\/#breadcrumb","itemListElement":[{"@type":"ListItem","position":1,"name":"Home","item":"https:\/\/www.pharmanutra.it\/it\/"},{"@type":"ListItem","position":2,"name":"CELADRIN MSR CORSE \u00c8 PRONTA PER IL FINALE DI STAGIONE"}]},{"@type":"WebSite","@id":"https:\/\/www.pharmanutra.it\/it\/#website","url":"https:\/\/www.pharmanutra.it\/it\/","name":"pharmanutra.it","description":"","publisher":{"@id":"https:\/\/www.pharmanutra.it\/it\/#organization"},"potentialAction":[{"@type":"SearchAction","target":{"@type":"EntryPoint","urlTemplate":"https:\/\/www.pharmanutra.it\/it\/?s={search_term_string}"},"query-input":{"@type":"PropertyValueSpecification","valueRequired":true,"valueName":"search_term_string"}}],"inLanguage":"it-IT"},{"@type":"Organization","@id":"https:\/\/www.pharmanutra.it\/it\/#organization","name":"pharmanutra.it","url":"https:\/\/www.pharmanutra.it\/it\/","logo":{"@type":"ImageObject","inLanguage":"it-IT","@id":"https:\/\/www.pharmanutra.it\/it\/#\/schema\/logo\/image\/","url":"https:\/\/www.pharmanutra.it\/wp-content\/uploads\/2025\/09\/PHN_LOGO2020color.png","contentUrl":"https:\/\/www.pharmanutra.it\/wp-content\/uploads\/2025\/09\/PHN_LOGO2020color.png","width":1856,"height":210,"caption":"pharmanutra.it"},"image":{"@id":"https:\/\/www.pharmanutra.it\/it\/#\/schema\/logo\/image\/"}},{"@type":"Person","@id":"https:\/\/www.pharmanutra.it\/it\/#\/schema\/person\/1b5e914c93946e660289a6ff8612e2cf","name":"m.montagnani","image":{"@type":"ImageObject","inLanguage":"it-IT","@id":"https:\/\/www.pharmanutra.it\/it\/#\/schema\/person\/image\/","url":"https:\/\/secure.gravatar.com\/avatar\/c1920c0aa85fa094f7614557e0f41c242c5d2632544ee5e7c41d3b8f10570f68?s=96&d=mm&r=g","contentUrl":"https:\/\/secure.gravatar.com\/avatar\/c1920c0aa85fa094f7614557e0f41c242c5d2632544ee5e7c41d3b8f10570f68?s=96&d=mm&r=g","caption":"m.montagnani"},"url":"https:\/\/www.pharmanutra.it\/it\/author\/m-montagnani\/"}]}},"meta_box":[],"_links":{"self":[{"href":"https:\/\/www.pharmanutra.it\/it\/wp-json\/wp\/v2\/posts\/211","targetHints":{"allow":["GET"]}}],"collection":[{"href":"https:\/\/www.pharmanutra.it\/it\/wp-json\/wp\/v2\/posts"}],"about":[{"href":"https:\/\/www.pharmanutra.it\/it\/wp-json\/wp\/v2\/types\/post"}],"author":[{"embeddable":true,"href":"https:\/\/www.pharmanutra.it\/it\/wp-json\/wp\/v2\/users\/2"}],"replies":[{"embeddable":true,"href":"https:\/\/www.pharmanutra.it\/it\/wp-json\/wp\/v2\/comments?post=211"}],"version-history":[{"count":0,"href":"https:\/\/www.pharmanutra.it\/it\/wp-json\/wp\/v2\/posts\/211\/revisions"}],"wp:featuredmedia":[{"embeddable":true,"href":"https:\/\/www.pharmanutra.it\/it\/wp-json\/wp\/v2\/media\/212"}],"wp:attachment":[{"href":"https:\/\/www.pharmanutra.it\/it\/wp-json\/wp\/v2\/media?parent=211"}],"wp:term":[{"taxonomy":"category","embeddable":true,"href":"https:\/\/www.pharmanutra.it\/it\/wp-json\/wp\/v2\/categories?post=211"},{"taxonomy":"post_tag","embeddable":true,"href":"https:\/\/www.pharmanutra.it\/it\/wp-json\/wp\/v2\/tags?post=211"},{"taxonomy":"anno_documento","embeddable":true,"href":"https:\/\/www.pharmanutra.it\/it\/wp-json\/wp\/v2\/anno_documento?post=211"}],"curies":[{"name":"wp","href":"https:\/\/api.w.org\/{rel}","templated":true}]}}