{"id":2179,"date":"2018-05-10T15:24:15","date_gmt":"2018-05-10T13:24:15","guid":{"rendered":"http:\/\/www.pharmanutra.it\/it\/?p=2179"},"modified":"2018-05-10T15:24:15","modified_gmt":"2018-05-10T13:24:15","slug":"cetilar-villorba-corse-al-via-alla-4-ore-monza","status":"publish","type":"post","link":"https:\/\/www.pharmanutra.it\/it\/cetilar-villorba-corse-al-via-alla-4-ore-monza\/","title":{"rendered":"Cetilar Villorba Corse: al via alla 4 Ore di Monza"},"content":{"rendered":"<p>La scuderia<strong> Cetilar Villorba Corse<\/strong> \u00e8 pronta per la <strong>4 Ore di Monza<\/strong>, secondo round dell\u2019<strong>European Le Mans Series<\/strong> <strong>dall\u201911 al 13 maggio<\/strong> che affronter\u00e0 schierando la Dallara P217 con <strong>Roberto Lacorte<\/strong>, <strong>Giorgio Sernagiotto<\/strong> e per la prima volta il pilota brasiliano gi\u00e0 F1 <strong>Felipe Nasr<\/strong>, all\u2019esordio nella ELMS, che si alterneranno alla guida.<\/p>\n<p>&nbsp;<\/p>\n<p>Il team tricolore diretto da Raimondo Amadio ha preparato <strong>l\u2019unico appuntamento casalingo della stagione<\/strong>, al quale la squadra tiene sempre particolarmente, con una sessione di test affrontata sul leggendario circuito brianzolo con il prototipo di classe LMP2 dai tre piloti dell\u2019equipaggio. Il team \u00e8 reduce dall\u2019esordio complicato di met\u00e0 aprile a Le Castellet, concluso in rimonta, mentre lo scorso anno a Monza colse il quinto posto assoluto dopo aver lottato a lungo per il podio. Oltre che per la prima esperienza in un weekend di gara insieme a Felipe Nasr, la tappa italiana della ELMS sar\u00e0 <strong>cruciale<\/strong> perch\u00e9 \u00e8 anche l\u2019ultimo <strong>banco di prova<\/strong> <strong>prima della 24 Ore di Le Mans del 16-17 giugno<\/strong>, dove Cetilar Villorba Corse \u00e8 <a href=\"http:\/\/www.cetilarvillorbacorse.com\">l&#8217;unico team italiano fra i prototipi<\/a>.<\/p>\n<p>&nbsp;<\/p>\n<p>Sono 43 (18 le LMP2) le vetture che prenderanno parte alla 4 Ore di Monza, che accende i motori domani, venerd\u00ec 11 maggio, con la prima sessione di prove libere. Sabato la seconda a partire dalle 9.15, mentre dalle 13.40 semaforo verde per le qualifiche. <strong>Domenica<\/strong> il via della gara<strong> alle 12.30<\/strong>, con <strong>diretta tv su SportItalia<\/strong> dell\u2019ultima ora (15.30-16.30) e <strong>live streaming<\/strong> completo su <a href=\"http:\/\/www.europeanlemansseries.com\">www.europeanlemansseries.com<\/a><br \/>\nIl team principal <strong>Amadio commenta<\/strong> alla vigilia di Monza: <em>\u201cGi\u00e0 con il test \u00e8 iniziata una lunga settimana per noi, in quanto la gara di casa \u00e8 uno dei momenti pi\u00f9 \u2018caldi\u2019 della stagione. Quest\u2019anno abbiamo anche l\u2019arrivo di Felipe Nasr ad animare ancora di pi\u00f9 il weekend. Il test \u00e8 stato utile per verificare alcuni importanti aspetti emersi durante la trasferta a Le Castellet che dovranno essere risolti. Dopo la prova inaugurale, infatti, a Monza dobbiamo tutti lavorare per un risultato positivo che ci permetta di guardare con positivit\u00e0 anche a Le Mans, appuntamento che ormai \u00e8 sempre pi\u00f9 vicino\u201d<\/em>.<\/p>\n","protected":false},"excerpt":{"rendered":"<p>La scuderia Cetilar Villorba Corse \u00e8 pronta per la 4 Ore di Monza, secondo round dell\u2019European Le Mans Series dall\u201911 al 13 maggio che affronter\u00e0 schierando la Dallara P217 con Roberto Lacorte, Giorgio Sernagiotto e per la prima volta il pilota brasiliano gi\u00e0 F1 Felipe Nasr, all\u2019esordio nella ELMS, che si alterneranno alla guida. &nbsp; [&hellip;]<\/p>\n","protected":false},"author":3,"featured_media":2180,"comment_status":"open","ping_status":"open","sticky":false,"template":"","format":"standard","meta":{"footnotes":""},"categories":[15,1],"tags":[],"anno_documento":[74],"class_list":["post-2179","post","type-post","status-publish","format-standard","has-post-thumbnail","hentry","category-news-eventi","category-senza-categoria","anno_documento-74"],"yoast_head":"<!-- This site is optimized with the Yoast SEO plugin v26.1.1 - https:\/\/yoast.com\/wordpress\/plugins\/seo\/ -->\n<title>{:it}Cetilar Villorba Corse: sulla griglia di partenza della 4 Ore di Monza{:en}Cetilar Villorba Corse: at the start of the 4 hours of Monza{:}<\/title>\n<meta name=\"description\" content=\"{:it}Il team Cetilar Villorba Corse \u00e8 pronto per la 4 Ore di Monza, secondo round dell\u2019European Le Mans Series in programma dall\u201911 al 13 maggio.{:en}The Cetilar Villorba Corse team is ready for the 4 Hours of Monza, second round of the European Le Mans Series from 11 to 13 May{:}\" \/>\n<meta name=\"robots\" content=\"index, follow, max-snippet:-1, max-image-preview:large, max-video-preview:-1\" \/>\n<link rel=\"canonical\" href=\"https:\/\/www.pharmanutra.it\/it\/cetilar-villorba-corse-al-via-alla-4-ore-monza\/\" \/>\n<meta property=\"og:locale\" content=\"it_IT\" \/>\n<meta property=\"og:type\" content=\"article\" \/>\n<meta property=\"og:title\" content=\"{:it}Cetilar Villorba Corse: sulla griglia di partenza della 4 Ore di Monza{:en}Cetilar Villorba Corse: at the start of the 4 hours of Monza{:}\" \/>\n<meta property=\"og:description\" content=\"{:it}Il team Cetilar Villorba Corse \u00e8 pronto per la 4 Ore di Monza, secondo round dell\u2019European Le Mans Series in programma dall\u201911 al 13 maggio.{:en}The Cetilar Villorba Corse team is ready for the 4 Hours of Monza, second round of the European Le Mans Series from 11 to 13 May{:}\" \/>\n<meta property=\"og:url\" content=\"https:\/\/www.pharmanutra.it\/it\/cetilar-villorba-corse-al-via-alla-4-ore-monza\/\" \/>\n<meta property=\"og:site_name\" content=\"pharmanutra.it\" \/>\n<meta property=\"article:published_time\" content=\"2018-05-10T13:24:15+00:00\" \/>\n<meta property=\"og:image\" content=\"https:\/\/www.pharmanutra.it\/wp-content\/uploads\/2018\/05\/News-CVC-Monza.png\" \/>\n\t<meta property=\"og:image:width\" content=\"1200\" \/>\n\t<meta property=\"og:image:height\" content=\"630\" \/>\n\t<meta property=\"og:image:type\" content=\"image\/png\" \/>\n<meta name=\"author\" content=\"Silvia Rigotto\" \/>\n<meta name=\"twitter:card\" content=\"summary_large_image\" \/>\n<meta name=\"twitter:label1\" content=\"Scritto da\" \/>\n\t<meta name=\"twitter:data1\" content=\"Silvia Rigotto\" \/>\n\t<meta name=\"twitter:label2\" content=\"Tempo di lettura stimato\" \/>\n\t<meta name=\"twitter:data2\" content=\"2 minuti\" \/>\n<script type=\"application\/ld+json\" class=\"yoast-schema-graph\">{\"@context\":\"https:\/\/schema.org\",\"@graph\":[{\"@type\":\"Article\",\"@id\":\"https:\/\/www.pharmanutra.it\/it\/cetilar-villorba-corse-al-via-alla-4-ore-monza\/#article\",\"isPartOf\":{\"@id\":\"https:\/\/www.pharmanutra.it\/it\/cetilar-villorba-corse-al-via-alla-4-ore-monza\/\"},\"author\":{\"name\":\"Silvia Rigotto\",\"@id\":\"https:\/\/www.pharmanutra.it\/it\/#\/schema\/person\/e167594e059fd908b48f144590a46ccd\"},\"headline\":\"Cetilar Villorba Corse: al via alla 4 Ore di Monza\",\"datePublished\":\"2018-05-10T13:24:15+00:00\",\"mainEntityOfPage\":{\"@id\":\"https:\/\/www.pharmanutra.it\/it\/cetilar-villorba-corse-al-via-alla-4-ore-monza\/\"},\"wordCount\":351,\"commentCount\":0,\"publisher\":{\"@id\":\"https:\/\/www.pharmanutra.it\/it\/#organization\"},\"image\":{\"@id\":\"https:\/\/www.pharmanutra.it\/it\/cetilar-villorba-corse-al-via-alla-4-ore-monza\/#primaryimage\"},\"thumbnailUrl\":\"https:\/\/www.pharmanutra.it\/wp-content\/uploads\/2018\/05\/News-CVC-Monza.png\",\"articleSection\":[\"News &amp; Eventi\"],\"inLanguage\":\"it-IT\",\"potentialAction\":[{\"@type\":\"CommentAction\",\"name\":\"Comment\",\"target\":[\"https:\/\/www.pharmanutra.it\/it\/cetilar-villorba-corse-al-via-alla-4-ore-monza\/#respond\"]}]},{\"@type\":\"WebPage\",\"@id\":\"https:\/\/www.pharmanutra.it\/it\/cetilar-villorba-corse-al-via-alla-4-ore-monza\/\",\"url\":\"https:\/\/www.pharmanutra.it\/it\/cetilar-villorba-corse-al-via-alla-4-ore-monza\/\",\"name\":\"{:it}Cetilar Villorba Corse: sulla griglia di partenza della 4 Ore di Monza{:en}Cetilar Villorba Corse: at the start of the 4 hours of Monza{:}\",\"isPartOf\":{\"@id\":\"https:\/\/www.pharmanutra.it\/it\/#website\"},\"primaryImageOfPage\":{\"@id\":\"https:\/\/www.pharmanutra.it\/it\/cetilar-villorba-corse-al-via-alla-4-ore-monza\/#primaryimage\"},\"image\":{\"@id\":\"https:\/\/www.pharmanutra.it\/it\/cetilar-villorba-corse-al-via-alla-4-ore-monza\/#primaryimage\"},\"thumbnailUrl\":\"https:\/\/www.pharmanutra.it\/wp-content\/uploads\/2018\/05\/News-CVC-Monza.png\",\"datePublished\":\"2018-05-10T13:24:15+00:00\",\"description\":\"{:it}Il team Cetilar Villorba Corse \u00e8 pronto per la 4 Ore di Monza, secondo round dell\u2019European Le Mans Series in programma dall\u201911 al 13 maggio.{:en}The Cetilar Villorba Corse team is ready for the 4 Hours of Monza, second round of the European Le Mans Series from 11 to 13 May{:}\",\"breadcrumb\":{\"@id\":\"https:\/\/www.pharmanutra.it\/it\/cetilar-villorba-corse-al-via-alla-4-ore-monza\/#breadcrumb\"},\"inLanguage\":\"it-IT\",\"potentialAction\":[{\"@type\":\"ReadAction\",\"target\":[\"https:\/\/www.pharmanutra.it\/it\/cetilar-villorba-corse-al-via-alla-4-ore-monza\/\"]}]},{\"@type\":\"ImageObject\",\"inLanguage\":\"it-IT\",\"@id\":\"https:\/\/www.pharmanutra.it\/it\/cetilar-villorba-corse-al-via-alla-4-ore-monza\/#primaryimage\",\"url\":\"https:\/\/www.pharmanutra.it\/wp-content\/uploads\/2018\/05\/News-CVC-Monza.png\",\"contentUrl\":\"https:\/\/www.pharmanutra.it\/wp-content\/uploads\/2018\/05\/News-CVC-Monza.png\",\"width\":1200,\"height\":630},{\"@type\":\"BreadcrumbList\",\"@id\":\"https:\/\/www.pharmanutra.it\/it\/cetilar-villorba-corse-al-via-alla-4-ore-monza\/#breadcrumb\",\"itemListElement\":[{\"@type\":\"ListItem\",\"position\":1,\"name\":\"Home\",\"item\":\"https:\/\/www.pharmanutra.it\/it\/\"},{\"@type\":\"ListItem\",\"position\":2,\"name\":\"Cetilar Villorba Corse: al via alla 4 Ore di Monza\"}]},{\"@type\":\"WebSite\",\"@id\":\"https:\/\/www.pharmanutra.it\/it\/#website\",\"url\":\"https:\/\/www.pharmanutra.it\/it\/\",\"name\":\"pharmanutra.it\",\"description\":\"\",\"publisher\":{\"@id\":\"https:\/\/www.pharmanutra.it\/it\/#organization\"},\"potentialAction\":[{\"@type\":\"SearchAction\",\"target\":{\"@type\":\"EntryPoint\",\"urlTemplate\":\"https:\/\/www.pharmanutra.it\/it\/?s={search_term_string}\"},\"query-input\":{\"@type\":\"PropertyValueSpecification\",\"valueRequired\":true,\"valueName\":\"search_term_string\"}}],\"inLanguage\":\"it-IT\"},{\"@type\":\"Organization\",\"@id\":\"https:\/\/www.pharmanutra.it\/it\/#organization\",\"name\":\"pharmanutra.it\",\"url\":\"https:\/\/www.pharmanutra.it\/it\/\",\"logo\":{\"@type\":\"ImageObject\",\"inLanguage\":\"it-IT\",\"@id\":\"https:\/\/www.pharmanutra.it\/it\/#\/schema\/logo\/image\/\",\"url\":\"https:\/\/www.pharmanutra.it\/wp-content\/uploads\/2025\/09\/PHN_LOGO2020color.png\",\"contentUrl\":\"https:\/\/www.pharmanutra.it\/wp-content\/uploads\/2025\/09\/PHN_LOGO2020color.png\",\"width\":1856,\"height\":210,\"caption\":\"pharmanutra.it\"},\"image\":{\"@id\":\"https:\/\/www.pharmanutra.it\/it\/#\/schema\/logo\/image\/\"}},{\"@type\":\"Person\",\"@id\":\"https:\/\/www.pharmanutra.it\/it\/#\/schema\/person\/e167594e059fd908b48f144590a46ccd\",\"name\":\"Silvia Rigotto\",\"image\":{\"@type\":\"ImageObject\",\"inLanguage\":\"it-IT\",\"@id\":\"https:\/\/www.pharmanutra.it\/it\/#\/schema\/person\/image\/\",\"url\":\"https:\/\/secure.gravatar.com\/avatar\/74de320c47466acb3ce41afd90e724ba09607692eb64df19e5d1a3518ea9984c?s=96&d=mm&r=g\",\"contentUrl\":\"https:\/\/secure.gravatar.com\/avatar\/74de320c47466acb3ce41afd90e724ba09607692eb64df19e5d1a3518ea9984c?s=96&d=mm&r=g\",\"caption\":\"Silvia Rigotto\"},\"url\":\"https:\/\/www.pharmanutra.it\/it\/author\/s-rigotto\/\"}]}<\/script>\n<!-- \/ Yoast SEO plugin. -->","yoast_head_json":{"title":"{:it}Cetilar Villorba Corse: sulla griglia di partenza della 4 Ore di Monza{:en}Cetilar Villorba Corse: at the start of the 4 hours of Monza{:}","description":"{:it}Il team Cetilar Villorba Corse \u00e8 pronto per la 4 Ore di Monza, secondo round dell\u2019European Le Mans Series in programma dall\u201911 al 13 maggio.{:en}The Cetilar Villorba Corse team is ready for the 4 Hours of Monza, second round of the European Le Mans Series from 11 to 13 May{:}","robots":{"index":"index","follow":"follow","max-snippet":"max-snippet:-1","max-image-preview":"max-image-preview:large","max-video-preview":"max-video-preview:-1"},"canonical":"https:\/\/www.pharmanutra.it\/it\/cetilar-villorba-corse-al-via-alla-4-ore-monza\/","og_locale":"it_IT","og_type":"article","og_title":"{:it}Cetilar Villorba Corse: sulla griglia di partenza della 4 Ore di Monza{:en}Cetilar Villorba Corse: at the start of the 4 hours of Monza{:}","og_description":"{:it}Il team Cetilar Villorba Corse \u00e8 pronto per la 4 Ore di Monza, secondo round dell\u2019European Le Mans Series in programma dall\u201911 al 13 maggio.{:en}The Cetilar Villorba Corse team is ready for the 4 Hours of Monza, second round of the European Le Mans Series from 11 to 13 May{:}","og_url":"https:\/\/www.pharmanutra.it\/it\/cetilar-villorba-corse-al-via-alla-4-ore-monza\/","og_site_name":"pharmanutra.it","article_published_time":"2018-05-10T13:24:15+00:00","og_image":[{"width":1200,"height":630,"url":"https:\/\/www.pharmanutra.it\/wp-content\/uploads\/2018\/05\/News-CVC-Monza.png","type":"image\/png"}],"author":"Silvia Rigotto","twitter_card":"summary_large_image","twitter_misc":{"Scritto da":"Silvia Rigotto","Tempo di lettura stimato":"2 minuti"},"schema":{"@context":"https:\/\/schema.org","@graph":[{"@type":"Article","@id":"https:\/\/www.pharmanutra.it\/it\/cetilar-villorba-corse-al-via-alla-4-ore-monza\/#article","isPartOf":{"@id":"https:\/\/www.pharmanutra.it\/it\/cetilar-villorba-corse-al-via-alla-4-ore-monza\/"},"author":{"name":"Silvia Rigotto","@id":"https:\/\/www.pharmanutra.it\/it\/#\/schema\/person\/e167594e059fd908b48f144590a46ccd"},"headline":"Cetilar Villorba Corse: al via alla 4 Ore di Monza","datePublished":"2018-05-10T13:24:15+00:00","mainEntityOfPage":{"@id":"https:\/\/www.pharmanutra.it\/it\/cetilar-villorba-corse-al-via-alla-4-ore-monza\/"},"wordCount":351,"commentCount":0,"publisher":{"@id":"https:\/\/www.pharmanutra.it\/it\/#organization"},"image":{"@id":"https:\/\/www.pharmanutra.it\/it\/cetilar-villorba-corse-al-via-alla-4-ore-monza\/#primaryimage"},"thumbnailUrl":"https:\/\/www.pharmanutra.it\/wp-content\/uploads\/2018\/05\/News-CVC-Monza.png","articleSection":["News &amp; Eventi"],"inLanguage":"it-IT","potentialAction":[{"@type":"CommentAction","name":"Comment","target":["https:\/\/www.pharmanutra.it\/it\/cetilar-villorba-corse-al-via-alla-4-ore-monza\/#respond"]}]},{"@type":"WebPage","@id":"https:\/\/www.pharmanutra.it\/it\/cetilar-villorba-corse-al-via-alla-4-ore-monza\/","url":"https:\/\/www.pharmanutra.it\/it\/cetilar-villorba-corse-al-via-alla-4-ore-monza\/","name":"{:it}Cetilar Villorba Corse: sulla griglia di partenza della 4 Ore di Monza{:en}Cetilar Villorba Corse: at the start of the 4 hours of Monza{:}","isPartOf":{"@id":"https:\/\/www.pharmanutra.it\/it\/#website"},"primaryImageOfPage":{"@id":"https:\/\/www.pharmanutra.it\/it\/cetilar-villorba-corse-al-via-alla-4-ore-monza\/#primaryimage"},"image":{"@id":"https:\/\/www.pharmanutra.it\/it\/cetilar-villorba-corse-al-via-alla-4-ore-monza\/#primaryimage"},"thumbnailUrl":"https:\/\/www.pharmanutra.it\/wp-content\/uploads\/2018\/05\/News-CVC-Monza.png","datePublished":"2018-05-10T13:24:15+00:00","description":"{:it}Il team Cetilar Villorba Corse \u00e8 pronto per la 4 Ore di Monza, secondo round dell\u2019European Le Mans Series in programma dall\u201911 al 13 maggio.{:en}The Cetilar Villorba Corse team is ready for the 4 Hours of Monza, second round of the European Le Mans Series from 11 to 13 May{:}","breadcrumb":{"@id":"https:\/\/www.pharmanutra.it\/it\/cetilar-villorba-corse-al-via-alla-4-ore-monza\/#breadcrumb"},"inLanguage":"it-IT","potentialAction":[{"@type":"ReadAction","target":["https:\/\/www.pharmanutra.it\/it\/cetilar-villorba-corse-al-via-alla-4-ore-monza\/"]}]},{"@type":"ImageObject","inLanguage":"it-IT","@id":"https:\/\/www.pharmanutra.it\/it\/cetilar-villorba-corse-al-via-alla-4-ore-monza\/#primaryimage","url":"https:\/\/www.pharmanutra.it\/wp-content\/uploads\/2018\/05\/News-CVC-Monza.png","contentUrl":"https:\/\/www.pharmanutra.it\/wp-content\/uploads\/2018\/05\/News-CVC-Monza.png","width":1200,"height":630},{"@type":"BreadcrumbList","@id":"https:\/\/www.pharmanutra.it\/it\/cetilar-villorba-corse-al-via-alla-4-ore-monza\/#breadcrumb","itemListElement":[{"@type":"ListItem","position":1,"name":"Home","item":"https:\/\/www.pharmanutra.it\/it\/"},{"@type":"ListItem","position":2,"name":"Cetilar Villorba Corse: al via alla 4 Ore di Monza"}]},{"@type":"WebSite","@id":"https:\/\/www.pharmanutra.it\/it\/#website","url":"https:\/\/www.pharmanutra.it\/it\/","name":"pharmanutra.it","description":"","publisher":{"@id":"https:\/\/www.pharmanutra.it\/it\/#organization"},"potentialAction":[{"@type":"SearchAction","target":{"@type":"EntryPoint","urlTemplate":"https:\/\/www.pharmanutra.it\/it\/?s={search_term_string}"},"query-input":{"@type":"PropertyValueSpecification","valueRequired":true,"valueName":"search_term_string"}}],"inLanguage":"it-IT"},{"@type":"Organization","@id":"https:\/\/www.pharmanutra.it\/it\/#organization","name":"pharmanutra.it","url":"https:\/\/www.pharmanutra.it\/it\/","logo":{"@type":"ImageObject","inLanguage":"it-IT","@id":"https:\/\/www.pharmanutra.it\/it\/#\/schema\/logo\/image\/","url":"https:\/\/www.pharmanutra.it\/wp-content\/uploads\/2025\/09\/PHN_LOGO2020color.png","contentUrl":"https:\/\/www.pharmanutra.it\/wp-content\/uploads\/2025\/09\/PHN_LOGO2020color.png","width":1856,"height":210,"caption":"pharmanutra.it"},"image":{"@id":"https:\/\/www.pharmanutra.it\/it\/#\/schema\/logo\/image\/"}},{"@type":"Person","@id":"https:\/\/www.pharmanutra.it\/it\/#\/schema\/person\/e167594e059fd908b48f144590a46ccd","name":"Silvia Rigotto","image":{"@type":"ImageObject","inLanguage":"it-IT","@id":"https:\/\/www.pharmanutra.it\/it\/#\/schema\/person\/image\/","url":"https:\/\/secure.gravatar.com\/avatar\/74de320c47466acb3ce41afd90e724ba09607692eb64df19e5d1a3518ea9984c?s=96&d=mm&r=g","contentUrl":"https:\/\/secure.gravatar.com\/avatar\/74de320c47466acb3ce41afd90e724ba09607692eb64df19e5d1a3518ea9984c?s=96&d=mm&r=g","caption":"Silvia Rigotto"},"url":"https:\/\/www.pharmanutra.it\/it\/author\/s-rigotto\/"}]}},"meta_box":[],"_links":{"self":[{"href":"https:\/\/www.pharmanutra.it\/it\/wp-json\/wp\/v2\/posts\/2179","targetHints":{"allow":["GET"]}}],"collection":[{"href":"https:\/\/www.pharmanutra.it\/it\/wp-json\/wp\/v2\/posts"}],"about":[{"href":"https:\/\/www.pharmanutra.it\/it\/wp-json\/wp\/v2\/types\/post"}],"author":[{"embeddable":true,"href":"https:\/\/www.pharmanutra.it\/it\/wp-json\/wp\/v2\/users\/3"}],"replies":[{"embeddable":true,"href":"https:\/\/www.pharmanutra.it\/it\/wp-json\/wp\/v2\/comments?post=2179"}],"version-history":[{"count":0,"href":"https:\/\/www.pharmanutra.it\/it\/wp-json\/wp\/v2\/posts\/2179\/revisions"}],"wp:featuredmedia":[{"embeddable":true,"href":"https:\/\/www.pharmanutra.it\/it\/wp-json\/wp\/v2\/media\/2180"}],"wp:attachment":[{"href":"https:\/\/www.pharmanutra.it\/it\/wp-json\/wp\/v2\/media?parent=2179"}],"wp:term":[{"taxonomy":"category","embeddable":true,"href":"https:\/\/www.pharmanutra.it\/it\/wp-json\/wp\/v2\/categories?post=2179"},{"taxonomy":"post_tag","embeddable":true,"href":"https:\/\/www.pharmanutra.it\/it\/wp-json\/wp\/v2\/tags?post=2179"},{"taxonomy":"anno_documento","embeddable":true,"href":"https:\/\/www.pharmanutra.it\/it\/wp-json\/wp\/v2\/anno_documento?post=2179"}],"curies":[{"name":"wp","href":"https:\/\/api.w.org\/{rel}","templated":true}]}}