{"id":2200,"date":"2018-05-22T17:50:30","date_gmt":"2018-05-22T15:50:30","guid":{"rendered":"http:\/\/www.pharmanutra.it\/it\/?p=2200"},"modified":"2018-05-22T17:50:30","modified_gmt":"2018-05-22T15:50:30","slug":"attesa-della-partenza-della-151-miglia-trofeo-cetilar-2018","status":"publish","type":"post","link":"https:\/\/www.pharmanutra.it\/it\/attesa-della-partenza-della-151-miglia-trofeo-cetilar-2018\/","title":{"rendered":"In attesa della partenza della 151 Miglia &#8211; Trofeo Cetilar 2018"},"content":{"rendered":"<p style=\"text-align: left;\">Il via alla<strong> nona edizione della 151 Miglia-Trofeo Cetilar<\/strong>\u00a0con la prima serie di appuntamenti in programma <strong>nel weekend dal 25 al 27 maggio al Porto di Pisa<\/strong>, preambolo della regata vera e propria che partir\u00e0 nel pomeriggio di gioved\u00ec 31 maggio.<\/p>\n<p>&nbsp;<\/p>\n<p style=\"text-align: left;\">Tre gli eventi in programma tra venerd\u00ec e domenica:<\/p>\n<p>&nbsp;<\/p>\n<p><strong>\u2022<\/strong> il <strong>151 Cetilar Trophy M32<\/strong>, secondo atto delle Cetilar Sailing Series dei catamarani M32, tre giorni di avvincenti regate sotto costa con protagonisti i grandi nomi della vela internazionale a bordo degli spettacolari catamarani M32;<\/p>\n<p><strong>\u2022 151 Bimbi a Vela<\/strong>, l\u02bcevento istituito dallo YC Repubblica Marinara di Pisa per avviare i pi\u00f9 piccoli alla conoscenza del mare e dello sport (sabato 26 a partire dalle 15:30);<\/p>\n<p><strong>\u2022 15.1 Run<\/strong> (sempre sabato, con partenza alle ore 17), <a href=\"http:\/\/151miglia.it\/partecipa-alla-15-1-run\/\">prima edizione di una gara podistica non competitiva<\/a>, con un contributo speciale dedicato a \u201cDonare la vita Onlus\u201d e la possibilit\u00e0 di scegliere tra tre diversi percorsi (15.1, 7 e 3 chilometri).<\/p>\n<p>&nbsp;<\/p>\n<p style=\"text-align: left;\">Teatro di questi importanti eventi,<strong> il Porto di Pisa<\/strong>, la struttura diretta da <strong>Simone Tempesti<\/strong>, partner storico della 151 Miglia-Trofeo Cetilar (nonch\u00e9 base logistica della partenza insieme con il Porto di Livorno), che per tre giorni diventer\u00e0 <strong>il fulcro di tutta l\u02bcattivit\u00e0<\/strong> legata alla 151 Miglia, un\u02bcattrattiva non indifferente anche per il tessuto sociale locale che avr\u00e0 l\u02bcoccasione di <strong>respirare sport ai massimi livelli<\/strong>. <em>\u201c\u00c8 una sfida che raccogliamo con piacere e soddisfazione, mettendo a disposizione la nostra struttura per quello che speriamo possa diventare un appuntamento fisso prima della 151 Miglia-Trofeo Cetilar\u201d<\/em>, dichiara Simone Tempesti. <em>\u201cL\u02bcaugurio \u00e8 che la cittadinanza risponda presente e venga a trovarci nel week end, anche perch\u00e9 non capita tutti i giorni di poter vivere tanti eventi sportivi e sociali di questo livello, concentrati in una sola location\u201d.<\/em><\/p>\n<p>&nbsp;<\/p>\n<p style=\"text-align: left;\">Da sottolineare, oltre agli aspetti sportivi del weekend, anche la funzione didattica di questo anticipo della 151 Miglia-Trofeo Cetilar, soprattutto con <strong>l\u02bciniziativa 151 Bimbi a Vela<\/strong>, un pomeriggio dedicato ai ragazzi con tante novit\u00e0 <strong>per conoscere e vivere la vela<\/strong> grazie alla presenza di un simulatore che far\u00e0 provare le sensazioni della navigazione sugli Optimist, spazi dedicati ai giochi e ai disegni, regate di modelli telecomandati, concorsi e la <strong>merenda offerta da Rigoni di Asiago<\/strong>, uno dei partner della regata. E con la possibilit\u00e0, inoltre, di avvicinarsi alla <strong>scuola di vela estiva dello YC Repubblica Marinara di Pisa<\/strong>, il sodalizio che organizza la 151 Miglia assieme allo Yacht Club Punta Ala e con la collaborazione dello Yacht Club Livorno, Porto di Pisa, Marina di Punta Ala e del supporto dei partner PharmaNutra, SLAM, Rigoni di Asiago e Acqua dell\u02bcElba.<\/p>\n<p>&nbsp;<\/p>\n<p style=\"text-align: left;\">Nel frattempo <a href=\"http:\/\/151miglia.it\/iscritti\">gli iscritti alla regata<\/a> &#8211; che quest\u02bcanno sosterr\u00e0 <a href=\"http:\/\/151miglia.it\/sostegno-del-progetto-womens-sailing-cup-academy-favore-airc\/\">il progetto Women\u02bcs Sailing Cup &amp; Academy <\/a>in favore di <strong>AIRC, l\u02bcAssociazione Italiana per la ricerca sul cancro<\/strong>, destinando la quota delle iscrizioni che puntualmente viene devoluta in beneficenza dal Comitato Organizzatore &#8211; sono gi\u00e0 diventati <strong>212<\/strong>: un numero gi\u00e0 notevole che lascia presagire ad un <strong>spettacolo straordinario<\/strong>, quando il pomeriggio del <strong>31 maggio<\/strong> la flotta si riunir\u00e0 al largo tra Livorno e Marina di Pisa per la partenza.<\/p>\n","protected":false},"excerpt":{"rendered":"<p>Il via alla nona edizione della 151 Miglia-Trofeo Cetilar\u00a0con la prima serie di appuntamenti in programma nel weekend dal 25 al 27 maggio al Porto di Pisa, preambolo della regata vera e propria che partir\u00e0 nel pomeriggio di gioved\u00ec 31 maggio. &nbsp; Tre gli eventi in programma tra venerd\u00ec e domenica: &nbsp; \u2022 il 151 [&hellip;]<\/p>\n","protected":false},"author":3,"featured_media":2201,"comment_status":"open","ping_status":"open","sticky":false,"template":"","format":"standard","meta":{"footnotes":""},"categories":[15,1],"tags":[],"anno_documento":[74],"class_list":["post-2200","post","type-post","status-publish","format-standard","has-post-thumbnail","hentry","category-news-eventi","category-senza-categoria","anno_documento-74"],"yoast_head":"<!-- This site is optimized with the Yoast SEO plugin v26.1.1 - https:\/\/yoast.com\/wordpress\/plugins\/seo\/ -->\n<title>{:it}Gli eventi del weekend in attesa della 151 Miglia - Trofeo Cetilar 2018{:en}Waiting for the start of the 151 Miglia - Cetilar Trophy 2018{:}<\/title>\n<meta name=\"description\" content=\"{:it}La nona edizione della 151 Miglia - Trofeo Cetilar entra nel vivo con la prima serie di appuntamenti in programma dal 25 al 27 maggio 2018 al Porto di Pisa{:en}The 9th edition of the 151 Miglia-Cetilar Trophy will start with the first series of events scheduled for the weekend from 25 to 27 May at the Port of Pisa{:}\" \/>\n<meta name=\"robots\" content=\"index, follow, max-snippet:-1, max-image-preview:large, max-video-preview:-1\" \/>\n<link rel=\"canonical\" href=\"https:\/\/www.pharmanutra.it\/it\/attesa-della-partenza-della-151-miglia-trofeo-cetilar-2018\/\" \/>\n<meta property=\"og:locale\" content=\"it_IT\" \/>\n<meta property=\"og:type\" content=\"article\" \/>\n<meta property=\"og:title\" content=\"{:it}Gli eventi del weekend in attesa della 151 Miglia - Trofeo Cetilar 2018{:en}Waiting for the start of the 151 Miglia - Cetilar Trophy 2018{:}\" \/>\n<meta property=\"og:description\" content=\"{:it}La nona edizione della 151 Miglia - Trofeo Cetilar entra nel vivo con la prima serie di appuntamenti in programma dal 25 al 27 maggio 2018 al Porto di Pisa{:en}The 9th edition of the 151 Miglia-Cetilar Trophy will start with the first series of events scheduled for the weekend from 25 to 27 May at the Port of Pisa{:}\" \/>\n<meta property=\"og:url\" content=\"https:\/\/www.pharmanutra.it\/it\/attesa-della-partenza-della-151-miglia-trofeo-cetilar-2018\/\" \/>\n<meta property=\"og:site_name\" content=\"pharmanutra.it\" \/>\n<meta property=\"article:published_time\" content=\"2018-05-22T15:50:30+00:00\" \/>\n<meta property=\"og:image\" content=\"https:\/\/www.pharmanutra.it\/wp-content\/uploads\/2018\/05\/SS_M32_VALENCIA_IMG_1840-scaled.jpg\" \/>\n\t<meta property=\"og:image:width\" content=\"2560\" \/>\n\t<meta property=\"og:image:height\" content=\"1549\" \/>\n\t<meta property=\"og:image:type\" content=\"image\/jpeg\" \/>\n<meta name=\"author\" content=\"Silvia Rigotto\" \/>\n<meta name=\"twitter:card\" content=\"summary_large_image\" \/>\n<meta name=\"twitter:label1\" content=\"Scritto da\" \/>\n\t<meta name=\"twitter:data1\" content=\"Silvia Rigotto\" \/>\n\t<meta name=\"twitter:label2\" content=\"Tempo di lettura stimato\" \/>\n\t<meta name=\"twitter:data2\" content=\"3 minuti\" \/>\n<script type=\"application\/ld+json\" class=\"yoast-schema-graph\">{\"@context\":\"https:\/\/schema.org\",\"@graph\":[{\"@type\":\"Article\",\"@id\":\"https:\/\/www.pharmanutra.it\/it\/attesa-della-partenza-della-151-miglia-trofeo-cetilar-2018\/#article\",\"isPartOf\":{\"@id\":\"https:\/\/www.pharmanutra.it\/it\/attesa-della-partenza-della-151-miglia-trofeo-cetilar-2018\/\"},\"author\":{\"name\":\"Silvia Rigotto\",\"@id\":\"https:\/\/www.pharmanutra.it\/it\/#\/schema\/person\/e167594e059fd908b48f144590a46ccd\"},\"headline\":\"In attesa della partenza della 151 Miglia &#8211; Trofeo Cetilar 2018\",\"datePublished\":\"2018-05-22T15:50:30+00:00\",\"mainEntityOfPage\":{\"@id\":\"https:\/\/www.pharmanutra.it\/it\/attesa-della-partenza-della-151-miglia-trofeo-cetilar-2018\/\"},\"wordCount\":509,\"commentCount\":0,\"publisher\":{\"@id\":\"https:\/\/www.pharmanutra.it\/it\/#organization\"},\"image\":{\"@id\":\"https:\/\/www.pharmanutra.it\/it\/attesa-della-partenza-della-151-miglia-trofeo-cetilar-2018\/#primaryimage\"},\"thumbnailUrl\":\"https:\/\/www.pharmanutra.it\/wp-content\/uploads\/2018\/05\/SS_M32_VALENCIA_IMG_1840-scaled.jpg\",\"articleSection\":[\"News &amp; Eventi\"],\"inLanguage\":\"it-IT\",\"potentialAction\":[{\"@type\":\"CommentAction\",\"name\":\"Comment\",\"target\":[\"https:\/\/www.pharmanutra.it\/it\/attesa-della-partenza-della-151-miglia-trofeo-cetilar-2018\/#respond\"]}]},{\"@type\":\"WebPage\",\"@id\":\"https:\/\/www.pharmanutra.it\/it\/attesa-della-partenza-della-151-miglia-trofeo-cetilar-2018\/\",\"url\":\"https:\/\/www.pharmanutra.it\/it\/attesa-della-partenza-della-151-miglia-trofeo-cetilar-2018\/\",\"name\":\"{:it}Gli eventi del weekend in attesa della 151 Miglia - Trofeo Cetilar 2018{:en}Waiting for the start of the 151 Miglia - Cetilar Trophy 2018{:}\",\"isPartOf\":{\"@id\":\"https:\/\/www.pharmanutra.it\/it\/#website\"},\"primaryImageOfPage\":{\"@id\":\"https:\/\/www.pharmanutra.it\/it\/attesa-della-partenza-della-151-miglia-trofeo-cetilar-2018\/#primaryimage\"},\"image\":{\"@id\":\"https:\/\/www.pharmanutra.it\/it\/attesa-della-partenza-della-151-miglia-trofeo-cetilar-2018\/#primaryimage\"},\"thumbnailUrl\":\"https:\/\/www.pharmanutra.it\/wp-content\/uploads\/2018\/05\/SS_M32_VALENCIA_IMG_1840-scaled.jpg\",\"datePublished\":\"2018-05-22T15:50:30+00:00\",\"description\":\"{:it}La nona edizione della 151 Miglia - Trofeo Cetilar entra nel vivo con la prima serie di appuntamenti in programma dal 25 al 27 maggio 2018 al Porto di Pisa{:en}The 9th edition of the 151 Miglia-Cetilar Trophy will start with the first series of events scheduled for the weekend from 25 to 27 May at the Port of Pisa{:}\",\"breadcrumb\":{\"@id\":\"https:\/\/www.pharmanutra.it\/it\/attesa-della-partenza-della-151-miglia-trofeo-cetilar-2018\/#breadcrumb\"},\"inLanguage\":\"it-IT\",\"potentialAction\":[{\"@type\":\"ReadAction\",\"target\":[\"https:\/\/www.pharmanutra.it\/it\/attesa-della-partenza-della-151-miglia-trofeo-cetilar-2018\/\"]}]},{\"@type\":\"ImageObject\",\"inLanguage\":\"it-IT\",\"@id\":\"https:\/\/www.pharmanutra.it\/it\/attesa-della-partenza-della-151-miglia-trofeo-cetilar-2018\/#primaryimage\",\"url\":\"https:\/\/www.pharmanutra.it\/wp-content\/uploads\/2018\/05\/SS_M32_VALENCIA_IMG_1840-scaled.jpg\",\"contentUrl\":\"https:\/\/www.pharmanutra.it\/wp-content\/uploads\/2018\/05\/SS_M32_VALENCIA_IMG_1840-scaled.jpg\",\"width\":2560,\"height\":1549,\"caption\":\"151 Cetilar Trophy M32\"},{\"@type\":\"BreadcrumbList\",\"@id\":\"https:\/\/www.pharmanutra.it\/it\/attesa-della-partenza-della-151-miglia-trofeo-cetilar-2018\/#breadcrumb\",\"itemListElement\":[{\"@type\":\"ListItem\",\"position\":1,\"name\":\"Home\",\"item\":\"https:\/\/www.pharmanutra.it\/it\/\"},{\"@type\":\"ListItem\",\"position\":2,\"name\":\"In attesa della partenza della 151 Miglia &#8211; Trofeo Cetilar 2018\"}]},{\"@type\":\"WebSite\",\"@id\":\"https:\/\/www.pharmanutra.it\/it\/#website\",\"url\":\"https:\/\/www.pharmanutra.it\/it\/\",\"name\":\"pharmanutra.it\",\"description\":\"\",\"publisher\":{\"@id\":\"https:\/\/www.pharmanutra.it\/it\/#organization\"},\"potentialAction\":[{\"@type\":\"SearchAction\",\"target\":{\"@type\":\"EntryPoint\",\"urlTemplate\":\"https:\/\/www.pharmanutra.it\/it\/?s={search_term_string}\"},\"query-input\":{\"@type\":\"PropertyValueSpecification\",\"valueRequired\":true,\"valueName\":\"search_term_string\"}}],\"inLanguage\":\"it-IT\"},{\"@type\":\"Organization\",\"@id\":\"https:\/\/www.pharmanutra.it\/it\/#organization\",\"name\":\"pharmanutra.it\",\"url\":\"https:\/\/www.pharmanutra.it\/it\/\",\"logo\":{\"@type\":\"ImageObject\",\"inLanguage\":\"it-IT\",\"@id\":\"https:\/\/www.pharmanutra.it\/it\/#\/schema\/logo\/image\/\",\"url\":\"https:\/\/www.pharmanutra.it\/wp-content\/uploads\/2025\/09\/PHN_LOGO2020color.png\",\"contentUrl\":\"https:\/\/www.pharmanutra.it\/wp-content\/uploads\/2025\/09\/PHN_LOGO2020color.png\",\"width\":1856,\"height\":210,\"caption\":\"pharmanutra.it\"},\"image\":{\"@id\":\"https:\/\/www.pharmanutra.it\/it\/#\/schema\/logo\/image\/\"}},{\"@type\":\"Person\",\"@id\":\"https:\/\/www.pharmanutra.it\/it\/#\/schema\/person\/e167594e059fd908b48f144590a46ccd\",\"name\":\"Silvia Rigotto\",\"image\":{\"@type\":\"ImageObject\",\"inLanguage\":\"it-IT\",\"@id\":\"https:\/\/www.pharmanutra.it\/it\/#\/schema\/person\/image\/\",\"url\":\"https:\/\/secure.gravatar.com\/avatar\/74de320c47466acb3ce41afd90e724ba09607692eb64df19e5d1a3518ea9984c?s=96&d=mm&r=g\",\"contentUrl\":\"https:\/\/secure.gravatar.com\/avatar\/74de320c47466acb3ce41afd90e724ba09607692eb64df19e5d1a3518ea9984c?s=96&d=mm&r=g\",\"caption\":\"Silvia Rigotto\"},\"url\":\"https:\/\/www.pharmanutra.it\/it\/author\/s-rigotto\/\"}]}<\/script>\n<!-- \/ Yoast SEO plugin. -->","yoast_head_json":{"title":"{:it}Gli eventi del weekend in attesa della 151 Miglia - Trofeo Cetilar 2018{:en}Waiting for the start of the 151 Miglia - Cetilar Trophy 2018{:}","description":"{:it}La nona edizione della 151 Miglia - Trofeo Cetilar entra nel vivo con la prima serie di appuntamenti in programma dal 25 al 27 maggio 2018 al Porto di Pisa{:en}The 9th edition of the 151 Miglia-Cetilar Trophy will start with the first series of events scheduled for the weekend from 25 to 27 May at the Port of Pisa{:}","robots":{"index":"index","follow":"follow","max-snippet":"max-snippet:-1","max-image-preview":"max-image-preview:large","max-video-preview":"max-video-preview:-1"},"canonical":"https:\/\/www.pharmanutra.it\/it\/attesa-della-partenza-della-151-miglia-trofeo-cetilar-2018\/","og_locale":"it_IT","og_type":"article","og_title":"{:it}Gli eventi del weekend in attesa della 151 Miglia - Trofeo Cetilar 2018{:en}Waiting for the start of the 151 Miglia - Cetilar Trophy 2018{:}","og_description":"{:it}La nona edizione della 151 Miglia - Trofeo Cetilar entra nel vivo con la prima serie di appuntamenti in programma dal 25 al 27 maggio 2018 al Porto di Pisa{:en}The 9th edition of the 151 Miglia-Cetilar Trophy will start with the first series of events scheduled for the weekend from 25 to 27 May at the Port of Pisa{:}","og_url":"https:\/\/www.pharmanutra.it\/it\/attesa-della-partenza-della-151-miglia-trofeo-cetilar-2018\/","og_site_name":"pharmanutra.it","article_published_time":"2018-05-22T15:50:30+00:00","og_image":[{"width":2560,"height":1549,"url":"https:\/\/www.pharmanutra.it\/wp-content\/uploads\/2018\/05\/SS_M32_VALENCIA_IMG_1840-scaled.jpg","type":"image\/jpeg"}],"author":"Silvia Rigotto","twitter_card":"summary_large_image","twitter_misc":{"Scritto da":"Silvia Rigotto","Tempo di lettura stimato":"3 minuti"},"schema":{"@context":"https:\/\/schema.org","@graph":[{"@type":"Article","@id":"https:\/\/www.pharmanutra.it\/it\/attesa-della-partenza-della-151-miglia-trofeo-cetilar-2018\/#article","isPartOf":{"@id":"https:\/\/www.pharmanutra.it\/it\/attesa-della-partenza-della-151-miglia-trofeo-cetilar-2018\/"},"author":{"name":"Silvia Rigotto","@id":"https:\/\/www.pharmanutra.it\/it\/#\/schema\/person\/e167594e059fd908b48f144590a46ccd"},"headline":"In attesa della partenza della 151 Miglia &#8211; Trofeo Cetilar 2018","datePublished":"2018-05-22T15:50:30+00:00","mainEntityOfPage":{"@id":"https:\/\/www.pharmanutra.it\/it\/attesa-della-partenza-della-151-miglia-trofeo-cetilar-2018\/"},"wordCount":509,"commentCount":0,"publisher":{"@id":"https:\/\/www.pharmanutra.it\/it\/#organization"},"image":{"@id":"https:\/\/www.pharmanutra.it\/it\/attesa-della-partenza-della-151-miglia-trofeo-cetilar-2018\/#primaryimage"},"thumbnailUrl":"https:\/\/www.pharmanutra.it\/wp-content\/uploads\/2018\/05\/SS_M32_VALENCIA_IMG_1840-scaled.jpg","articleSection":["News &amp; Eventi"],"inLanguage":"it-IT","potentialAction":[{"@type":"CommentAction","name":"Comment","target":["https:\/\/www.pharmanutra.it\/it\/attesa-della-partenza-della-151-miglia-trofeo-cetilar-2018\/#respond"]}]},{"@type":"WebPage","@id":"https:\/\/www.pharmanutra.it\/it\/attesa-della-partenza-della-151-miglia-trofeo-cetilar-2018\/","url":"https:\/\/www.pharmanutra.it\/it\/attesa-della-partenza-della-151-miglia-trofeo-cetilar-2018\/","name":"{:it}Gli eventi del weekend in attesa della 151 Miglia - Trofeo Cetilar 2018{:en}Waiting for the start of the 151 Miglia - Cetilar Trophy 2018{:}","isPartOf":{"@id":"https:\/\/www.pharmanutra.it\/it\/#website"},"primaryImageOfPage":{"@id":"https:\/\/www.pharmanutra.it\/it\/attesa-della-partenza-della-151-miglia-trofeo-cetilar-2018\/#primaryimage"},"image":{"@id":"https:\/\/www.pharmanutra.it\/it\/attesa-della-partenza-della-151-miglia-trofeo-cetilar-2018\/#primaryimage"},"thumbnailUrl":"https:\/\/www.pharmanutra.it\/wp-content\/uploads\/2018\/05\/SS_M32_VALENCIA_IMG_1840-scaled.jpg","datePublished":"2018-05-22T15:50:30+00:00","description":"{:it}La nona edizione della 151 Miglia - Trofeo Cetilar entra nel vivo con la prima serie di appuntamenti in programma dal 25 al 27 maggio 2018 al Porto di Pisa{:en}The 9th edition of the 151 Miglia-Cetilar Trophy will start with the first series of events scheduled for the weekend from 25 to 27 May at the Port of Pisa{:}","breadcrumb":{"@id":"https:\/\/www.pharmanutra.it\/it\/attesa-della-partenza-della-151-miglia-trofeo-cetilar-2018\/#breadcrumb"},"inLanguage":"it-IT","potentialAction":[{"@type":"ReadAction","target":["https:\/\/www.pharmanutra.it\/it\/attesa-della-partenza-della-151-miglia-trofeo-cetilar-2018\/"]}]},{"@type":"ImageObject","inLanguage":"it-IT","@id":"https:\/\/www.pharmanutra.it\/it\/attesa-della-partenza-della-151-miglia-trofeo-cetilar-2018\/#primaryimage","url":"https:\/\/www.pharmanutra.it\/wp-content\/uploads\/2018\/05\/SS_M32_VALENCIA_IMG_1840-scaled.jpg","contentUrl":"https:\/\/www.pharmanutra.it\/wp-content\/uploads\/2018\/05\/SS_M32_VALENCIA_IMG_1840-scaled.jpg","width":2560,"height":1549,"caption":"151 Cetilar Trophy M32"},{"@type":"BreadcrumbList","@id":"https:\/\/www.pharmanutra.it\/it\/attesa-della-partenza-della-151-miglia-trofeo-cetilar-2018\/#breadcrumb","itemListElement":[{"@type":"ListItem","position":1,"name":"Home","item":"https:\/\/www.pharmanutra.it\/it\/"},{"@type":"ListItem","position":2,"name":"In attesa della partenza della 151 Miglia &#8211; Trofeo Cetilar 2018"}]},{"@type":"WebSite","@id":"https:\/\/www.pharmanutra.it\/it\/#website","url":"https:\/\/www.pharmanutra.it\/it\/","name":"pharmanutra.it","description":"","publisher":{"@id":"https:\/\/www.pharmanutra.it\/it\/#organization"},"potentialAction":[{"@type":"SearchAction","target":{"@type":"EntryPoint","urlTemplate":"https:\/\/www.pharmanutra.it\/it\/?s={search_term_string}"},"query-input":{"@type":"PropertyValueSpecification","valueRequired":true,"valueName":"search_term_string"}}],"inLanguage":"it-IT"},{"@type":"Organization","@id":"https:\/\/www.pharmanutra.it\/it\/#organization","name":"pharmanutra.it","url":"https:\/\/www.pharmanutra.it\/it\/","logo":{"@type":"ImageObject","inLanguage":"it-IT","@id":"https:\/\/www.pharmanutra.it\/it\/#\/schema\/logo\/image\/","url":"https:\/\/www.pharmanutra.it\/wp-content\/uploads\/2025\/09\/PHN_LOGO2020color.png","contentUrl":"https:\/\/www.pharmanutra.it\/wp-content\/uploads\/2025\/09\/PHN_LOGO2020color.png","width":1856,"height":210,"caption":"pharmanutra.it"},"image":{"@id":"https:\/\/www.pharmanutra.it\/it\/#\/schema\/logo\/image\/"}},{"@type":"Person","@id":"https:\/\/www.pharmanutra.it\/it\/#\/schema\/person\/e167594e059fd908b48f144590a46ccd","name":"Silvia Rigotto","image":{"@type":"ImageObject","inLanguage":"it-IT","@id":"https:\/\/www.pharmanutra.it\/it\/#\/schema\/person\/image\/","url":"https:\/\/secure.gravatar.com\/avatar\/74de320c47466acb3ce41afd90e724ba09607692eb64df19e5d1a3518ea9984c?s=96&d=mm&r=g","contentUrl":"https:\/\/secure.gravatar.com\/avatar\/74de320c47466acb3ce41afd90e724ba09607692eb64df19e5d1a3518ea9984c?s=96&d=mm&r=g","caption":"Silvia Rigotto"},"url":"https:\/\/www.pharmanutra.it\/it\/author\/s-rigotto\/"}]}},"meta_box":[],"_links":{"self":[{"href":"https:\/\/www.pharmanutra.it\/it\/wp-json\/wp\/v2\/posts\/2200","targetHints":{"allow":["GET"]}}],"collection":[{"href":"https:\/\/www.pharmanutra.it\/it\/wp-json\/wp\/v2\/posts"}],"about":[{"href":"https:\/\/www.pharmanutra.it\/it\/wp-json\/wp\/v2\/types\/post"}],"author":[{"embeddable":true,"href":"https:\/\/www.pharmanutra.it\/it\/wp-json\/wp\/v2\/users\/3"}],"replies":[{"embeddable":true,"href":"https:\/\/www.pharmanutra.it\/it\/wp-json\/wp\/v2\/comments?post=2200"}],"version-history":[{"count":0,"href":"https:\/\/www.pharmanutra.it\/it\/wp-json\/wp\/v2\/posts\/2200\/revisions"}],"wp:featuredmedia":[{"embeddable":true,"href":"https:\/\/www.pharmanutra.it\/it\/wp-json\/wp\/v2\/media\/2201"}],"wp:attachment":[{"href":"https:\/\/www.pharmanutra.it\/it\/wp-json\/wp\/v2\/media?parent=2200"}],"wp:term":[{"taxonomy":"category","embeddable":true,"href":"https:\/\/www.pharmanutra.it\/it\/wp-json\/wp\/v2\/categories?post=2200"},{"taxonomy":"post_tag","embeddable":true,"href":"https:\/\/www.pharmanutra.it\/it\/wp-json\/wp\/v2\/tags?post=2200"},{"taxonomy":"anno_documento","embeddable":true,"href":"https:\/\/www.pharmanutra.it\/it\/wp-json\/wp\/v2\/anno_documento?post=2200"}],"curies":[{"name":"wp","href":"https:\/\/api.w.org\/{rel}","templated":true}]}}