{"id":334,"date":"2014-06-19T08:26:11","date_gmt":"2014-06-19T06:26:11","guid":{"rendered":"http:\/\/www.pharmanutra.it\/celadrin-per-la-notturna-di-san-giovanni-a-firenze\/"},"modified":"2014-06-19T08:26:11","modified_gmt":"2014-06-19T06:26:11","slug":"celadrin-per-la-notturna-di-san-giovanni-a-firenze","status":"publish","type":"post","link":"https:\/\/www.pharmanutra.it\/it\/celadrin-per-la-notturna-di-san-giovanni-a-firenze\/","title":{"rendered":"Celadrin per la Notturna di San Giovanni a Firenze"},"content":{"rendered":"<p style=\"text-align: justify;\">Al via la <strong>75\u00b0<\/strong> edizione della <strong>Nutturna di San Giovanni<\/strong> a Firenze.<\/p>\n<p style=\"text-align: justify;\">Dopo la partecipazione di <strong>Pharmanutra<\/strong> alla&nbsp;alla 40esima edizione della storica manifestazione internazionale di decathlon ed eptathlon che ha sempre preso il nome di <strong>Multistars<\/strong> e che da quest&#8217;anno si \u00e8 trasferita a Firenze, arriva il secondo appuntamento di questa bella collaborazione con <strong>Firenze Marathon<\/strong>.<\/p>\n<p style=\"text-align: justify;\">Pharmanutra dal 2014 \u00e8 infatti presente con <strong>Celadrin<\/strong> anche alla <strong>Notturna di San Giovanni<\/strong>, un percorso agonistico di 10Km che si snoda fra i monumenti pi\u00f9 belli della citt\u00e0. Si tratta di una delle corse su strada pi\u00f9 antiche d&#8217;Italia, giunta alla 75\u00b0 edizione, organizzata in occasione del Santo Patrono di Firenze. La corsa si svolge in notturna tradizionalmente con partenza e arrivo in Piazza S. Giovanni davanti al Sagrato del Duomo. La partecipazione \u00e8 di circa 1.500 persone di et\u00e0 compresa tra i 20 e i 60 anni pi\u00f9 circa 1.000 persone partecipanti alla <strong>Family Walking<\/strong> non competitiva di 4 km. Il pubblico numerosissimo di fiorentini e turisti costituisce una cornice unica insieme alla bellezza dei monumenti della nostra citt\u00e0.<\/p>\n<p style=\"text-align: justify;\"><span style=\"line-height: 19px;\">Dopo il successo dell&#8217;edizione 2013 della Firenze Marathon, Pharmanutra non poteva che confermare la sua partecipazione a una manifestazione che non \u00e8 solo un evento sportivo, ma anche un fatto di costume e di cultura e davanti al quale non si pu\u00f2 che restare incantati. La Firenze Marathon \u00e8 il principale evento di corsa su strada che si svolge in Toscana e, insieme a Roma, \u00e8 ormai di diritto la maratona internazionale pi\u00f9 importante d&#8217;Italia e tra le prime 20 al mondo per numero di partecipanti e per qualit\u00e0. Parlare solo di numeri, per\u00f2, non renderebbe il giusto merito ad una maratona che ha raggiunto ormai un livello organizzativo di assoluta eccellenza e che pu\u00f2 vantare un palcoscenico eccezionale come Firenze, una citt\u00e0 unica al mondo per la sua bellezza e per la sua atmosfera.<\/span><\/p>\n<p style=\"text-align: justify;\"><span style=\"line-height: 19px;\">Appuntamento a sabato sera a Firenze quindi, all&#8217;ormai immancabile <strong>punto massaggi Celadrin<\/strong> dove gli atleti potranno usufruire di un <strong>massaggio efficace<\/strong> prima, durante e dopo la gara, e dove sar\u00e0 possibile registrarsi alla <strong>community<\/strong> <em><strong>#celadrindstyle<\/strong><\/em> per restare sempre aggiornati sul mondo degli eventi di Pharmanutra (<a href=\"http:\/\/registrazione.celadrin.it\">qui<\/a> \u00e8 comunque sempre possibile registrarsi).<\/span><\/p>\n<p style=\"text-align: justify;\"><span style=\"line-height: 19px;\">&nbsp;<\/span><\/p>\n<p style=\"text-align: justify;\"><strong><span style=\"line-height: 19px;\">Celadrin: lo sport al centro<\/span><\/strong><\/p>\n","protected":false},"excerpt":{"rendered":"<p>&nbsp;<strong>Celadrin<\/strong> sulla linea del via della&nbsp;<strong>75\u00b0<\/strong>&nbsp;edizione della&nbsp;<strong>Nutturna di San Giovanni<\/strong>&nbsp;a Firenze!<\/p>\n","protected":false},"author":2,"featured_media":335,"comment_status":"open","ping_status":"open","sticky":false,"template":"","format":"standard","meta":{"footnotes":""},"categories":[15,1],"tags":[],"anno_documento":[70],"class_list":["post-334","post","type-post","status-publish","format-standard","has-post-thumbnail","hentry","category-news-eventi","category-senza-categoria","anno_documento-70"],"yoast_head":"<!-- This site is optimized with the Yoast SEO plugin v26.1.1 - https:\/\/yoast.com\/wordpress\/plugins\/seo\/ -->\n<title>Celadrin per la Notturna di San Giovanni a Firenze - pharmanutra.it<\/title>\n<meta name=\"robots\" content=\"index, follow, max-snippet:-1, max-image-preview:large, max-video-preview:-1\" \/>\n<link rel=\"canonical\" href=\"https:\/\/www.pharmanutra.it\/it\/celadrin-per-la-notturna-di-san-giovanni-a-firenze\/\" \/>\n<meta property=\"og:locale\" content=\"it_IT\" \/>\n<meta property=\"og:type\" content=\"article\" \/>\n<meta property=\"og:title\" content=\"Celadrin per la Notturna di San Giovanni a Firenze - pharmanutra.it\" \/>\n<meta property=\"og:description\" content=\"&nbsp;Celadrin sulla linea del via della&nbsp;75\u00b0&nbsp;edizione della&nbsp;Nutturna di San Giovanni&nbsp;a Firenze!\" \/>\n<meta property=\"og:url\" content=\"https:\/\/www.pharmanutra.it\/it\/celadrin-per-la-notturna-di-san-giovanni-a-firenze\/\" \/>\n<meta property=\"og:site_name\" content=\"pharmanutra.it\" \/>\n<meta property=\"article:published_time\" content=\"2014-06-19T06:26:11+00:00\" \/>\n<meta property=\"og:image\" content=\"https:\/\/www.pharmanutra.it\/wp-content\/uploads\/2014\/06\/notturna_sgiovanni.jpg\" \/>\n\t<meta property=\"og:image:width\" content=\"945\" \/>\n\t<meta property=\"og:image:height\" content=\"452\" \/>\n\t<meta property=\"og:image:type\" content=\"image\/jpeg\" \/>\n<meta name=\"author\" content=\"m.montagnani\" \/>\n<meta name=\"twitter:card\" content=\"summary_large_image\" \/>\n<meta name=\"twitter:label1\" content=\"Scritto da\" \/>\n\t<meta name=\"twitter:data1\" content=\"m.montagnani\" \/>\n\t<meta name=\"twitter:label2\" content=\"Tempo di lettura stimato\" \/>\n\t<meta name=\"twitter:data2\" content=\"2 minuti\" \/>\n<script type=\"application\/ld+json\" class=\"yoast-schema-graph\">{\"@context\":\"https:\/\/schema.org\",\"@graph\":[{\"@type\":\"Article\",\"@id\":\"https:\/\/www.pharmanutra.it\/it\/celadrin-per-la-notturna-di-san-giovanni-a-firenze\/#article\",\"isPartOf\":{\"@id\":\"https:\/\/www.pharmanutra.it\/it\/celadrin-per-la-notturna-di-san-giovanni-a-firenze\/\"},\"author\":{\"name\":\"m.montagnani\",\"@id\":\"https:\/\/www.pharmanutra.it\/it\/#\/schema\/person\/1b5e914c93946e660289a6ff8612e2cf\"},\"headline\":\"Celadrin per la Notturna di San Giovanni a Firenze\",\"datePublished\":\"2014-06-19T06:26:11+00:00\",\"mainEntityOfPage\":{\"@id\":\"https:\/\/www.pharmanutra.it\/it\/celadrin-per-la-notturna-di-san-giovanni-a-firenze\/\"},\"wordCount\":368,\"commentCount\":0,\"publisher\":{\"@id\":\"https:\/\/www.pharmanutra.it\/it\/#organization\"},\"image\":{\"@id\":\"https:\/\/www.pharmanutra.it\/it\/celadrin-per-la-notturna-di-san-giovanni-a-firenze\/#primaryimage\"},\"thumbnailUrl\":\"https:\/\/www.pharmanutra.it\/wp-content\/uploads\/2014\/06\/notturna_sgiovanni.jpg\",\"articleSection\":[\"News &amp; Eventi\"],\"inLanguage\":\"it-IT\",\"potentialAction\":[{\"@type\":\"CommentAction\",\"name\":\"Comment\",\"target\":[\"https:\/\/www.pharmanutra.it\/it\/celadrin-per-la-notturna-di-san-giovanni-a-firenze\/#respond\"]}]},{\"@type\":\"WebPage\",\"@id\":\"https:\/\/www.pharmanutra.it\/it\/celadrin-per-la-notturna-di-san-giovanni-a-firenze\/\",\"url\":\"https:\/\/www.pharmanutra.it\/it\/celadrin-per-la-notturna-di-san-giovanni-a-firenze\/\",\"name\":\"Celadrin per la Notturna di San Giovanni a Firenze - pharmanutra.it\",\"isPartOf\":{\"@id\":\"https:\/\/www.pharmanutra.it\/it\/#website\"},\"primaryImageOfPage\":{\"@id\":\"https:\/\/www.pharmanutra.it\/it\/celadrin-per-la-notturna-di-san-giovanni-a-firenze\/#primaryimage\"},\"image\":{\"@id\":\"https:\/\/www.pharmanutra.it\/it\/celadrin-per-la-notturna-di-san-giovanni-a-firenze\/#primaryimage\"},\"thumbnailUrl\":\"https:\/\/www.pharmanutra.it\/wp-content\/uploads\/2014\/06\/notturna_sgiovanni.jpg\",\"datePublished\":\"2014-06-19T06:26:11+00:00\",\"breadcrumb\":{\"@id\":\"https:\/\/www.pharmanutra.it\/it\/celadrin-per-la-notturna-di-san-giovanni-a-firenze\/#breadcrumb\"},\"inLanguage\":\"it-IT\",\"potentialAction\":[{\"@type\":\"ReadAction\",\"target\":[\"https:\/\/www.pharmanutra.it\/it\/celadrin-per-la-notturna-di-san-giovanni-a-firenze\/\"]}]},{\"@type\":\"ImageObject\",\"inLanguage\":\"it-IT\",\"@id\":\"https:\/\/www.pharmanutra.it\/it\/celadrin-per-la-notturna-di-san-giovanni-a-firenze\/#primaryimage\",\"url\":\"https:\/\/www.pharmanutra.it\/wp-content\/uploads\/2014\/06\/notturna_sgiovanni.jpg\",\"contentUrl\":\"https:\/\/www.pharmanutra.it\/wp-content\/uploads\/2014\/06\/notturna_sgiovanni.jpg\",\"width\":945,\"height\":452},{\"@type\":\"BreadcrumbList\",\"@id\":\"https:\/\/www.pharmanutra.it\/it\/celadrin-per-la-notturna-di-san-giovanni-a-firenze\/#breadcrumb\",\"itemListElement\":[{\"@type\":\"ListItem\",\"position\":1,\"name\":\"Home\",\"item\":\"https:\/\/www.pharmanutra.it\/it\/\"},{\"@type\":\"ListItem\",\"position\":2,\"name\":\"Celadrin per la Notturna di San Giovanni a Firenze\"}]},{\"@type\":\"WebSite\",\"@id\":\"https:\/\/www.pharmanutra.it\/it\/#website\",\"url\":\"https:\/\/www.pharmanutra.it\/it\/\",\"name\":\"pharmanutra.it\",\"description\":\"\",\"publisher\":{\"@id\":\"https:\/\/www.pharmanutra.it\/it\/#organization\"},\"potentialAction\":[{\"@type\":\"SearchAction\",\"target\":{\"@type\":\"EntryPoint\",\"urlTemplate\":\"https:\/\/www.pharmanutra.it\/it\/?s={search_term_string}\"},\"query-input\":{\"@type\":\"PropertyValueSpecification\",\"valueRequired\":true,\"valueName\":\"search_term_string\"}}],\"inLanguage\":\"it-IT\"},{\"@type\":\"Organization\",\"@id\":\"https:\/\/www.pharmanutra.it\/it\/#organization\",\"name\":\"pharmanutra.it\",\"url\":\"https:\/\/www.pharmanutra.it\/it\/\",\"logo\":{\"@type\":\"ImageObject\",\"inLanguage\":\"it-IT\",\"@id\":\"https:\/\/www.pharmanutra.it\/it\/#\/schema\/logo\/image\/\",\"url\":\"https:\/\/www.pharmanutra.it\/wp-content\/uploads\/2025\/09\/PHN_LOGO2020color.png\",\"contentUrl\":\"https:\/\/www.pharmanutra.it\/wp-content\/uploads\/2025\/09\/PHN_LOGO2020color.png\",\"width\":1856,\"height\":210,\"caption\":\"pharmanutra.it\"},\"image\":{\"@id\":\"https:\/\/www.pharmanutra.it\/it\/#\/schema\/logo\/image\/\"}},{\"@type\":\"Person\",\"@id\":\"https:\/\/www.pharmanutra.it\/it\/#\/schema\/person\/1b5e914c93946e660289a6ff8612e2cf\",\"name\":\"m.montagnani\",\"image\":{\"@type\":\"ImageObject\",\"inLanguage\":\"it-IT\",\"@id\":\"https:\/\/www.pharmanutra.it\/it\/#\/schema\/person\/image\/\",\"url\":\"https:\/\/secure.gravatar.com\/avatar\/c1920c0aa85fa094f7614557e0f41c242c5d2632544ee5e7c41d3b8f10570f68?s=96&d=mm&r=g\",\"contentUrl\":\"https:\/\/secure.gravatar.com\/avatar\/c1920c0aa85fa094f7614557e0f41c242c5d2632544ee5e7c41d3b8f10570f68?s=96&d=mm&r=g\",\"caption\":\"m.montagnani\"},\"url\":\"https:\/\/www.pharmanutra.it\/it\/author\/m-montagnani\/\"}]}<\/script>\n<!-- \/ Yoast SEO plugin. -->","yoast_head_json":{"title":"Celadrin per la Notturna di San Giovanni a Firenze - pharmanutra.it","robots":{"index":"index","follow":"follow","max-snippet":"max-snippet:-1","max-image-preview":"max-image-preview:large","max-video-preview":"max-video-preview:-1"},"canonical":"https:\/\/www.pharmanutra.it\/it\/celadrin-per-la-notturna-di-san-giovanni-a-firenze\/","og_locale":"it_IT","og_type":"article","og_title":"Celadrin per la Notturna di San Giovanni a Firenze - pharmanutra.it","og_description":"&nbsp;Celadrin sulla linea del via della&nbsp;75\u00b0&nbsp;edizione della&nbsp;Nutturna di San Giovanni&nbsp;a Firenze!","og_url":"https:\/\/www.pharmanutra.it\/it\/celadrin-per-la-notturna-di-san-giovanni-a-firenze\/","og_site_name":"pharmanutra.it","article_published_time":"2014-06-19T06:26:11+00:00","og_image":[{"width":945,"height":452,"url":"https:\/\/www.pharmanutra.it\/wp-content\/uploads\/2014\/06\/notturna_sgiovanni.jpg","type":"image\/jpeg"}],"author":"m.montagnani","twitter_card":"summary_large_image","twitter_misc":{"Scritto da":"m.montagnani","Tempo di lettura stimato":"2 minuti"},"schema":{"@context":"https:\/\/schema.org","@graph":[{"@type":"Article","@id":"https:\/\/www.pharmanutra.it\/it\/celadrin-per-la-notturna-di-san-giovanni-a-firenze\/#article","isPartOf":{"@id":"https:\/\/www.pharmanutra.it\/it\/celadrin-per-la-notturna-di-san-giovanni-a-firenze\/"},"author":{"name":"m.montagnani","@id":"https:\/\/www.pharmanutra.it\/it\/#\/schema\/person\/1b5e914c93946e660289a6ff8612e2cf"},"headline":"Celadrin per la Notturna di San Giovanni a Firenze","datePublished":"2014-06-19T06:26:11+00:00","mainEntityOfPage":{"@id":"https:\/\/www.pharmanutra.it\/it\/celadrin-per-la-notturna-di-san-giovanni-a-firenze\/"},"wordCount":368,"commentCount":0,"publisher":{"@id":"https:\/\/www.pharmanutra.it\/it\/#organization"},"image":{"@id":"https:\/\/www.pharmanutra.it\/it\/celadrin-per-la-notturna-di-san-giovanni-a-firenze\/#primaryimage"},"thumbnailUrl":"https:\/\/www.pharmanutra.it\/wp-content\/uploads\/2014\/06\/notturna_sgiovanni.jpg","articleSection":["News &amp; Eventi"],"inLanguage":"it-IT","potentialAction":[{"@type":"CommentAction","name":"Comment","target":["https:\/\/www.pharmanutra.it\/it\/celadrin-per-la-notturna-di-san-giovanni-a-firenze\/#respond"]}]},{"@type":"WebPage","@id":"https:\/\/www.pharmanutra.it\/it\/celadrin-per-la-notturna-di-san-giovanni-a-firenze\/","url":"https:\/\/www.pharmanutra.it\/it\/celadrin-per-la-notturna-di-san-giovanni-a-firenze\/","name":"Celadrin per la Notturna di San Giovanni a Firenze - pharmanutra.it","isPartOf":{"@id":"https:\/\/www.pharmanutra.it\/it\/#website"},"primaryImageOfPage":{"@id":"https:\/\/www.pharmanutra.it\/it\/celadrin-per-la-notturna-di-san-giovanni-a-firenze\/#primaryimage"},"image":{"@id":"https:\/\/www.pharmanutra.it\/it\/celadrin-per-la-notturna-di-san-giovanni-a-firenze\/#primaryimage"},"thumbnailUrl":"https:\/\/www.pharmanutra.it\/wp-content\/uploads\/2014\/06\/notturna_sgiovanni.jpg","datePublished":"2014-06-19T06:26:11+00:00","breadcrumb":{"@id":"https:\/\/www.pharmanutra.it\/it\/celadrin-per-la-notturna-di-san-giovanni-a-firenze\/#breadcrumb"},"inLanguage":"it-IT","potentialAction":[{"@type":"ReadAction","target":["https:\/\/www.pharmanutra.it\/it\/celadrin-per-la-notturna-di-san-giovanni-a-firenze\/"]}]},{"@type":"ImageObject","inLanguage":"it-IT","@id":"https:\/\/www.pharmanutra.it\/it\/celadrin-per-la-notturna-di-san-giovanni-a-firenze\/#primaryimage","url":"https:\/\/www.pharmanutra.it\/wp-content\/uploads\/2014\/06\/notturna_sgiovanni.jpg","contentUrl":"https:\/\/www.pharmanutra.it\/wp-content\/uploads\/2014\/06\/notturna_sgiovanni.jpg","width":945,"height":452},{"@type":"BreadcrumbList","@id":"https:\/\/www.pharmanutra.it\/it\/celadrin-per-la-notturna-di-san-giovanni-a-firenze\/#breadcrumb","itemListElement":[{"@type":"ListItem","position":1,"name":"Home","item":"https:\/\/www.pharmanutra.it\/it\/"},{"@type":"ListItem","position":2,"name":"Celadrin per la Notturna di San Giovanni a Firenze"}]},{"@type":"WebSite","@id":"https:\/\/www.pharmanutra.it\/it\/#website","url":"https:\/\/www.pharmanutra.it\/it\/","name":"pharmanutra.it","description":"","publisher":{"@id":"https:\/\/www.pharmanutra.it\/it\/#organization"},"potentialAction":[{"@type":"SearchAction","target":{"@type":"EntryPoint","urlTemplate":"https:\/\/www.pharmanutra.it\/it\/?s={search_term_string}"},"query-input":{"@type":"PropertyValueSpecification","valueRequired":true,"valueName":"search_term_string"}}],"inLanguage":"it-IT"},{"@type":"Organization","@id":"https:\/\/www.pharmanutra.it\/it\/#organization","name":"pharmanutra.it","url":"https:\/\/www.pharmanutra.it\/it\/","logo":{"@type":"ImageObject","inLanguage":"it-IT","@id":"https:\/\/www.pharmanutra.it\/it\/#\/schema\/logo\/image\/","url":"https:\/\/www.pharmanutra.it\/wp-content\/uploads\/2025\/09\/PHN_LOGO2020color.png","contentUrl":"https:\/\/www.pharmanutra.it\/wp-content\/uploads\/2025\/09\/PHN_LOGO2020color.png","width":1856,"height":210,"caption":"pharmanutra.it"},"image":{"@id":"https:\/\/www.pharmanutra.it\/it\/#\/schema\/logo\/image\/"}},{"@type":"Person","@id":"https:\/\/www.pharmanutra.it\/it\/#\/schema\/person\/1b5e914c93946e660289a6ff8612e2cf","name":"m.montagnani","image":{"@type":"ImageObject","inLanguage":"it-IT","@id":"https:\/\/www.pharmanutra.it\/it\/#\/schema\/person\/image\/","url":"https:\/\/secure.gravatar.com\/avatar\/c1920c0aa85fa094f7614557e0f41c242c5d2632544ee5e7c41d3b8f10570f68?s=96&d=mm&r=g","contentUrl":"https:\/\/secure.gravatar.com\/avatar\/c1920c0aa85fa094f7614557e0f41c242c5d2632544ee5e7c41d3b8f10570f68?s=96&d=mm&r=g","caption":"m.montagnani"},"url":"https:\/\/www.pharmanutra.it\/it\/author\/m-montagnani\/"}]}},"meta_box":[],"_links":{"self":[{"href":"https:\/\/www.pharmanutra.it\/it\/wp-json\/wp\/v2\/posts\/334","targetHints":{"allow":["GET"]}}],"collection":[{"href":"https:\/\/www.pharmanutra.it\/it\/wp-json\/wp\/v2\/posts"}],"about":[{"href":"https:\/\/www.pharmanutra.it\/it\/wp-json\/wp\/v2\/types\/post"}],"author":[{"embeddable":true,"href":"https:\/\/www.pharmanutra.it\/it\/wp-json\/wp\/v2\/users\/2"}],"replies":[{"embeddable":true,"href":"https:\/\/www.pharmanutra.it\/it\/wp-json\/wp\/v2\/comments?post=334"}],"version-history":[{"count":0,"href":"https:\/\/www.pharmanutra.it\/it\/wp-json\/wp\/v2\/posts\/334\/revisions"}],"wp:featuredmedia":[{"embeddable":true,"href":"https:\/\/www.pharmanutra.it\/it\/wp-json\/wp\/v2\/media\/335"}],"wp:attachment":[{"href":"https:\/\/www.pharmanutra.it\/it\/wp-json\/wp\/v2\/media?parent=334"}],"wp:term":[{"taxonomy":"category","embeddable":true,"href":"https:\/\/www.pharmanutra.it\/it\/wp-json\/wp\/v2\/categories?post=334"},{"taxonomy":"post_tag","embeddable":true,"href":"https:\/\/www.pharmanutra.it\/it\/wp-json\/wp\/v2\/tags?post=334"},{"taxonomy":"anno_documento","embeddable":true,"href":"https:\/\/www.pharmanutra.it\/it\/wp-json\/wp\/v2\/anno_documento?post=334"}],"curies":[{"name":"wp","href":"https:\/\/api.w.org\/{rel}","templated":true}]}}