{"id":374,"date":"2014-10-02T08:01:02","date_gmt":"2014-10-02T06:01:02","guid":{"rendered":"http:\/\/www.pharmanutra.it\/audi-tron-sailing-series-melges-32-vitamina-va-a-genova\/"},"modified":"2014-10-02T08:01:02","modified_gmt":"2014-10-02T06:01:02","slug":"audi-tron-sailing-series-melges-32-vitamina-va-a-genova","status":"publish","type":"post","link":"https:\/\/www.pharmanutra.it\/it\/audi-tron-sailing-series-melges-32-vitamina-va-a-genova\/","title":{"rendered":"Audi tron Sailing Series Melges 32: Vitamina va a Genova"},"content":{"rendered":"<p style=\"text-align: justify;\"><strong>Genova, 3-5 ottobre 2014<\/strong> &#8211; Volgono al termine le <strong>Audi tron Sailing Series Melges 32<\/strong>.<\/p>\n<p style=\"text-align: justify;\">Palcoscenico del gran finale di stagione, in programma tra venerd\u00ec 3 e domenica 5 ottobre e arricchito da un &#8220;team racing&#8221; che coinvolger\u00e0 anche gli Audi Melges 20 e Melges 24, sar\u00e0 il <strong>Salone Nautico Internazionale di Genova<\/strong>, all&#8217;interno del quale saranno ormeggiate le flotte.<\/p>\n<p style=\"text-align: justify;\">Le Audi tron Sailing Series Melges 32 giungono all&#8217;appuntamento di Genova dopo quattro tappe &#8211; Napoli, Porto Ercole, Talamone e Riva del Garda &#8211; e un totale di trentuno prove disputate.<\/p>\n<p style=\"text-align: justify;\">Oltre alla lotta per il successo assoluto, lo spettacolo \u00e8 garantito dallo svolgimento di un <em><strong>&#8220;team racing&#8221;<\/strong><\/em> che vedr\u00e0 tra le boe anche gli Audi Melges 20 e i Melges 24.<br \/>I team infatti saranno composti da un 32, un 24 e un 20 e riuniti sotto la bandiera di uno yacht club, di una regione o di uno sponsor, che regateranno nel medesimo istante, sullo stesso campo di regata. Ci saranno ovviamente una classifica per ciascuna delle classi e una classifica a squadre.<\/p>\n<p style=\"text-align: justify;\"><strong>E ci sar\u00e0 molta Coppa America su Vitamina.<\/strong><br \/>Un <strong>equipaggio completamente rinnovato<\/strong> per una nuova stagione che vedr\u00e0 Vitamina, il Melges 32 di <strong>Andrea Lacorte<\/strong>, armatore e skipper che difende i colori dello <strong>Yacht Club Repubblica Marinara di Pisa<\/strong> regatare e confrontarsi al meglio con i pi\u00f9 agguerriti team italiani e stranieri. Nel nuovo equipaggio un nome spicca su tutti, quello di <strong>Pietro D&#8217;Ali<\/strong>, uno dei pi\u00f9 famosi velisti italiani con alle spalle due edizioni della Coppa America col Team Prada, che curer\u00e0 la tattica. A prua un altro nome che viene dalla Coppa America, quello di <strong>Daniele Fiaschi<\/strong> dal team di Mascalzone Latino, poi <strong>Davide di Maio<\/strong>, campione del mondo di vela d&#8217;altura e vice campione del mondo Melges, trimmer, <strong>Andrea Fornaro<\/strong>, impegnato nella preparazione della Mini Transat 2015 sponsorizzata da Pharmanutra, alla randa. Questi nuovi nomi affiancheranno lo storico equipaggio formato da <strong>Gianluca Malfitano<\/strong>, tailer, <strong>Giovanni Bucarelli<\/strong> all&#8217;albero e <strong>Alessandro Loni<\/strong> alle drizza.<\/p>\n<p style=\"text-align: justify;\">Infine, <strong>sabato 4<\/strong> ci sar\u00e0, negli spazi gestiti dalla Federazione Italiana Vela, la <strong>presentazione dell&#8217;edizione 2015 della 151 Miglia-Trofeo Celadrin.<\/strong><\/p>\n","protected":false},"excerpt":{"rendered":"<p><span style=\"line-height: 19px;\">Genova, 3-5 ottobre 2014 &#8211; Volgono al termine le Audi tron Sailing Series Melges 32.<\/span><\/p>\n","protected":false},"author":2,"featured_media":375,"comment_status":"open","ping_status":"open","sticky":false,"template":"","format":"standard","meta":{"footnotes":""},"categories":[15,1],"tags":[],"anno_documento":[70],"class_list":["post-374","post","type-post","status-publish","format-standard","has-post-thumbnail","hentry","category-news-eventi","category-senza-categoria","anno_documento-70"],"yoast_head":"<!-- This site is optimized with the Yoast SEO plugin v26.1.1 - https:\/\/yoast.com\/wordpress\/plugins\/seo\/ -->\n<title>Audi tron Sailing Series Melges 32: Vitamina va a Genova - pharmanutra.it<\/title>\n<meta name=\"robots\" content=\"index, follow, max-snippet:-1, max-image-preview:large, max-video-preview:-1\" \/>\n<link rel=\"canonical\" href=\"https:\/\/www.pharmanutra.it\/it\/audi-tron-sailing-series-melges-32-vitamina-va-a-genova\/\" \/>\n<meta property=\"og:locale\" content=\"it_IT\" \/>\n<meta property=\"og:type\" content=\"article\" \/>\n<meta property=\"og:title\" content=\"Audi tron Sailing Series Melges 32: Vitamina va a Genova - pharmanutra.it\" \/>\n<meta property=\"og:description\" content=\"Genova, 3-5 ottobre 2014 - Volgono al termine le Audi tron Sailing Series Melges 32.\" \/>\n<meta property=\"og:url\" content=\"https:\/\/www.pharmanutra.it\/it\/audi-tron-sailing-series-melges-32-vitamina-va-a-genova\/\" \/>\n<meta property=\"og:site_name\" content=\"pharmanutra.it\" \/>\n<meta property=\"article:published_time\" content=\"2014-10-02T06:01:02+00:00\" \/>\n<meta property=\"og:image\" content=\"https:\/\/www.pharmanutra.it\/wp-content\/uploads\/2014\/10\/vitamina_genova.jpg\" \/>\n\t<meta property=\"og:image:width\" content=\"945\" \/>\n\t<meta property=\"og:image:height\" content=\"413\" \/>\n\t<meta property=\"og:image:type\" content=\"image\/jpeg\" \/>\n<meta name=\"author\" content=\"m.montagnani\" \/>\n<meta name=\"twitter:card\" content=\"summary_large_image\" \/>\n<meta name=\"twitter:label1\" content=\"Scritto da\" \/>\n\t<meta name=\"twitter:data1\" content=\"m.montagnani\" \/>\n\t<meta name=\"twitter:label2\" content=\"Tempo di lettura stimato\" \/>\n\t<meta name=\"twitter:data2\" content=\"2 minuti\" \/>\n<script type=\"application\/ld+json\" class=\"yoast-schema-graph\">{\"@context\":\"https:\/\/schema.org\",\"@graph\":[{\"@type\":\"Article\",\"@id\":\"https:\/\/www.pharmanutra.it\/it\/audi-tron-sailing-series-melges-32-vitamina-va-a-genova\/#article\",\"isPartOf\":{\"@id\":\"https:\/\/www.pharmanutra.it\/it\/audi-tron-sailing-series-melges-32-vitamina-va-a-genova\/\"},\"author\":{\"name\":\"m.montagnani\",\"@id\":\"https:\/\/www.pharmanutra.it\/it\/#\/schema\/person\/1b5e914c93946e660289a6ff8612e2cf\"},\"headline\":\"Audi tron Sailing Series Melges 32: Vitamina va a Genova\",\"datePublished\":\"2014-10-02T06:01:02+00:00\",\"mainEntityOfPage\":{\"@id\":\"https:\/\/www.pharmanutra.it\/it\/audi-tron-sailing-series-melges-32-vitamina-va-a-genova\/\"},\"wordCount\":347,\"commentCount\":0,\"publisher\":{\"@id\":\"https:\/\/www.pharmanutra.it\/it\/#organization\"},\"image\":{\"@id\":\"https:\/\/www.pharmanutra.it\/it\/audi-tron-sailing-series-melges-32-vitamina-va-a-genova\/#primaryimage\"},\"thumbnailUrl\":\"https:\/\/www.pharmanutra.it\/wp-content\/uploads\/2014\/10\/vitamina_genova.jpg\",\"articleSection\":[\"News &amp; Eventi\"],\"inLanguage\":\"it-IT\",\"potentialAction\":[{\"@type\":\"CommentAction\",\"name\":\"Comment\",\"target\":[\"https:\/\/www.pharmanutra.it\/it\/audi-tron-sailing-series-melges-32-vitamina-va-a-genova\/#respond\"]}]},{\"@type\":\"WebPage\",\"@id\":\"https:\/\/www.pharmanutra.it\/it\/audi-tron-sailing-series-melges-32-vitamina-va-a-genova\/\",\"url\":\"https:\/\/www.pharmanutra.it\/it\/audi-tron-sailing-series-melges-32-vitamina-va-a-genova\/\",\"name\":\"Audi tron Sailing Series Melges 32: Vitamina va a Genova - pharmanutra.it\",\"isPartOf\":{\"@id\":\"https:\/\/www.pharmanutra.it\/it\/#website\"},\"primaryImageOfPage\":{\"@id\":\"https:\/\/www.pharmanutra.it\/it\/audi-tron-sailing-series-melges-32-vitamina-va-a-genova\/#primaryimage\"},\"image\":{\"@id\":\"https:\/\/www.pharmanutra.it\/it\/audi-tron-sailing-series-melges-32-vitamina-va-a-genova\/#primaryimage\"},\"thumbnailUrl\":\"https:\/\/www.pharmanutra.it\/wp-content\/uploads\/2014\/10\/vitamina_genova.jpg\",\"datePublished\":\"2014-10-02T06:01:02+00:00\",\"breadcrumb\":{\"@id\":\"https:\/\/www.pharmanutra.it\/it\/audi-tron-sailing-series-melges-32-vitamina-va-a-genova\/#breadcrumb\"},\"inLanguage\":\"it-IT\",\"potentialAction\":[{\"@type\":\"ReadAction\",\"target\":[\"https:\/\/www.pharmanutra.it\/it\/audi-tron-sailing-series-melges-32-vitamina-va-a-genova\/\"]}]},{\"@type\":\"ImageObject\",\"inLanguage\":\"it-IT\",\"@id\":\"https:\/\/www.pharmanutra.it\/it\/audi-tron-sailing-series-melges-32-vitamina-va-a-genova\/#primaryimage\",\"url\":\"https:\/\/www.pharmanutra.it\/wp-content\/uploads\/2014\/10\/vitamina_genova.jpg\",\"contentUrl\":\"https:\/\/www.pharmanutra.it\/wp-content\/uploads\/2014\/10\/vitamina_genova.jpg\",\"width\":945,\"height\":413},{\"@type\":\"BreadcrumbList\",\"@id\":\"https:\/\/www.pharmanutra.it\/it\/audi-tron-sailing-series-melges-32-vitamina-va-a-genova\/#breadcrumb\",\"itemListElement\":[{\"@type\":\"ListItem\",\"position\":1,\"name\":\"Home\",\"item\":\"https:\/\/www.pharmanutra.it\/it\/\"},{\"@type\":\"ListItem\",\"position\":2,\"name\":\"Audi tron Sailing Series Melges 32: Vitamina va a Genova\"}]},{\"@type\":\"WebSite\",\"@id\":\"https:\/\/www.pharmanutra.it\/it\/#website\",\"url\":\"https:\/\/www.pharmanutra.it\/it\/\",\"name\":\"pharmanutra.it\",\"description\":\"\",\"publisher\":{\"@id\":\"https:\/\/www.pharmanutra.it\/it\/#organization\"},\"potentialAction\":[{\"@type\":\"SearchAction\",\"target\":{\"@type\":\"EntryPoint\",\"urlTemplate\":\"https:\/\/www.pharmanutra.it\/it\/?s={search_term_string}\"},\"query-input\":{\"@type\":\"PropertyValueSpecification\",\"valueRequired\":true,\"valueName\":\"search_term_string\"}}],\"inLanguage\":\"it-IT\"},{\"@type\":\"Organization\",\"@id\":\"https:\/\/www.pharmanutra.it\/it\/#organization\",\"name\":\"pharmanutra.it\",\"url\":\"https:\/\/www.pharmanutra.it\/it\/\",\"logo\":{\"@type\":\"ImageObject\",\"inLanguage\":\"it-IT\",\"@id\":\"https:\/\/www.pharmanutra.it\/it\/#\/schema\/logo\/image\/\",\"url\":\"https:\/\/www.pharmanutra.it\/wp-content\/uploads\/2025\/09\/PHN_LOGO2020color.png\",\"contentUrl\":\"https:\/\/www.pharmanutra.it\/wp-content\/uploads\/2025\/09\/PHN_LOGO2020color.png\",\"width\":1856,\"height\":210,\"caption\":\"pharmanutra.it\"},\"image\":{\"@id\":\"https:\/\/www.pharmanutra.it\/it\/#\/schema\/logo\/image\/\"}},{\"@type\":\"Person\",\"@id\":\"https:\/\/www.pharmanutra.it\/it\/#\/schema\/person\/1b5e914c93946e660289a6ff8612e2cf\",\"name\":\"m.montagnani\",\"image\":{\"@type\":\"ImageObject\",\"inLanguage\":\"it-IT\",\"@id\":\"https:\/\/www.pharmanutra.it\/it\/#\/schema\/person\/image\/\",\"url\":\"https:\/\/secure.gravatar.com\/avatar\/c1920c0aa85fa094f7614557e0f41c242c5d2632544ee5e7c41d3b8f10570f68?s=96&d=mm&r=g\",\"contentUrl\":\"https:\/\/secure.gravatar.com\/avatar\/c1920c0aa85fa094f7614557e0f41c242c5d2632544ee5e7c41d3b8f10570f68?s=96&d=mm&r=g\",\"caption\":\"m.montagnani\"},\"url\":\"https:\/\/www.pharmanutra.it\/it\/author\/m-montagnani\/\"}]}<\/script>\n<!-- \/ Yoast SEO plugin. -->","yoast_head_json":{"title":"Audi tron Sailing Series Melges 32: Vitamina va a Genova - pharmanutra.it","robots":{"index":"index","follow":"follow","max-snippet":"max-snippet:-1","max-image-preview":"max-image-preview:large","max-video-preview":"max-video-preview:-1"},"canonical":"https:\/\/www.pharmanutra.it\/it\/audi-tron-sailing-series-melges-32-vitamina-va-a-genova\/","og_locale":"it_IT","og_type":"article","og_title":"Audi tron Sailing Series Melges 32: Vitamina va a Genova - pharmanutra.it","og_description":"Genova, 3-5 ottobre 2014 - Volgono al termine le Audi tron Sailing Series Melges 32.","og_url":"https:\/\/www.pharmanutra.it\/it\/audi-tron-sailing-series-melges-32-vitamina-va-a-genova\/","og_site_name":"pharmanutra.it","article_published_time":"2014-10-02T06:01:02+00:00","og_image":[{"width":945,"height":413,"url":"https:\/\/www.pharmanutra.it\/wp-content\/uploads\/2014\/10\/vitamina_genova.jpg","type":"image\/jpeg"}],"author":"m.montagnani","twitter_card":"summary_large_image","twitter_misc":{"Scritto da":"m.montagnani","Tempo di lettura stimato":"2 minuti"},"schema":{"@context":"https:\/\/schema.org","@graph":[{"@type":"Article","@id":"https:\/\/www.pharmanutra.it\/it\/audi-tron-sailing-series-melges-32-vitamina-va-a-genova\/#article","isPartOf":{"@id":"https:\/\/www.pharmanutra.it\/it\/audi-tron-sailing-series-melges-32-vitamina-va-a-genova\/"},"author":{"name":"m.montagnani","@id":"https:\/\/www.pharmanutra.it\/it\/#\/schema\/person\/1b5e914c93946e660289a6ff8612e2cf"},"headline":"Audi tron Sailing Series Melges 32: Vitamina va a Genova","datePublished":"2014-10-02T06:01:02+00:00","mainEntityOfPage":{"@id":"https:\/\/www.pharmanutra.it\/it\/audi-tron-sailing-series-melges-32-vitamina-va-a-genova\/"},"wordCount":347,"commentCount":0,"publisher":{"@id":"https:\/\/www.pharmanutra.it\/it\/#organization"},"image":{"@id":"https:\/\/www.pharmanutra.it\/it\/audi-tron-sailing-series-melges-32-vitamina-va-a-genova\/#primaryimage"},"thumbnailUrl":"https:\/\/www.pharmanutra.it\/wp-content\/uploads\/2014\/10\/vitamina_genova.jpg","articleSection":["News &amp; Eventi"],"inLanguage":"it-IT","potentialAction":[{"@type":"CommentAction","name":"Comment","target":["https:\/\/www.pharmanutra.it\/it\/audi-tron-sailing-series-melges-32-vitamina-va-a-genova\/#respond"]}]},{"@type":"WebPage","@id":"https:\/\/www.pharmanutra.it\/it\/audi-tron-sailing-series-melges-32-vitamina-va-a-genova\/","url":"https:\/\/www.pharmanutra.it\/it\/audi-tron-sailing-series-melges-32-vitamina-va-a-genova\/","name":"Audi tron Sailing Series Melges 32: Vitamina va a Genova - pharmanutra.it","isPartOf":{"@id":"https:\/\/www.pharmanutra.it\/it\/#website"},"primaryImageOfPage":{"@id":"https:\/\/www.pharmanutra.it\/it\/audi-tron-sailing-series-melges-32-vitamina-va-a-genova\/#primaryimage"},"image":{"@id":"https:\/\/www.pharmanutra.it\/it\/audi-tron-sailing-series-melges-32-vitamina-va-a-genova\/#primaryimage"},"thumbnailUrl":"https:\/\/www.pharmanutra.it\/wp-content\/uploads\/2014\/10\/vitamina_genova.jpg","datePublished":"2014-10-02T06:01:02+00:00","breadcrumb":{"@id":"https:\/\/www.pharmanutra.it\/it\/audi-tron-sailing-series-melges-32-vitamina-va-a-genova\/#breadcrumb"},"inLanguage":"it-IT","potentialAction":[{"@type":"ReadAction","target":["https:\/\/www.pharmanutra.it\/it\/audi-tron-sailing-series-melges-32-vitamina-va-a-genova\/"]}]},{"@type":"ImageObject","inLanguage":"it-IT","@id":"https:\/\/www.pharmanutra.it\/it\/audi-tron-sailing-series-melges-32-vitamina-va-a-genova\/#primaryimage","url":"https:\/\/www.pharmanutra.it\/wp-content\/uploads\/2014\/10\/vitamina_genova.jpg","contentUrl":"https:\/\/www.pharmanutra.it\/wp-content\/uploads\/2014\/10\/vitamina_genova.jpg","width":945,"height":413},{"@type":"BreadcrumbList","@id":"https:\/\/www.pharmanutra.it\/it\/audi-tron-sailing-series-melges-32-vitamina-va-a-genova\/#breadcrumb","itemListElement":[{"@type":"ListItem","position":1,"name":"Home","item":"https:\/\/www.pharmanutra.it\/it\/"},{"@type":"ListItem","position":2,"name":"Audi tron Sailing Series Melges 32: Vitamina va a Genova"}]},{"@type":"WebSite","@id":"https:\/\/www.pharmanutra.it\/it\/#website","url":"https:\/\/www.pharmanutra.it\/it\/","name":"pharmanutra.it","description":"","publisher":{"@id":"https:\/\/www.pharmanutra.it\/it\/#organization"},"potentialAction":[{"@type":"SearchAction","target":{"@type":"EntryPoint","urlTemplate":"https:\/\/www.pharmanutra.it\/it\/?s={search_term_string}"},"query-input":{"@type":"PropertyValueSpecification","valueRequired":true,"valueName":"search_term_string"}}],"inLanguage":"it-IT"},{"@type":"Organization","@id":"https:\/\/www.pharmanutra.it\/it\/#organization","name":"pharmanutra.it","url":"https:\/\/www.pharmanutra.it\/it\/","logo":{"@type":"ImageObject","inLanguage":"it-IT","@id":"https:\/\/www.pharmanutra.it\/it\/#\/schema\/logo\/image\/","url":"https:\/\/www.pharmanutra.it\/wp-content\/uploads\/2025\/09\/PHN_LOGO2020color.png","contentUrl":"https:\/\/www.pharmanutra.it\/wp-content\/uploads\/2025\/09\/PHN_LOGO2020color.png","width":1856,"height":210,"caption":"pharmanutra.it"},"image":{"@id":"https:\/\/www.pharmanutra.it\/it\/#\/schema\/logo\/image\/"}},{"@type":"Person","@id":"https:\/\/www.pharmanutra.it\/it\/#\/schema\/person\/1b5e914c93946e660289a6ff8612e2cf","name":"m.montagnani","image":{"@type":"ImageObject","inLanguage":"it-IT","@id":"https:\/\/www.pharmanutra.it\/it\/#\/schema\/person\/image\/","url":"https:\/\/secure.gravatar.com\/avatar\/c1920c0aa85fa094f7614557e0f41c242c5d2632544ee5e7c41d3b8f10570f68?s=96&d=mm&r=g","contentUrl":"https:\/\/secure.gravatar.com\/avatar\/c1920c0aa85fa094f7614557e0f41c242c5d2632544ee5e7c41d3b8f10570f68?s=96&d=mm&r=g","caption":"m.montagnani"},"url":"https:\/\/www.pharmanutra.it\/it\/author\/m-montagnani\/"}]}},"meta_box":[],"_links":{"self":[{"href":"https:\/\/www.pharmanutra.it\/it\/wp-json\/wp\/v2\/posts\/374","targetHints":{"allow":["GET"]}}],"collection":[{"href":"https:\/\/www.pharmanutra.it\/it\/wp-json\/wp\/v2\/posts"}],"about":[{"href":"https:\/\/www.pharmanutra.it\/it\/wp-json\/wp\/v2\/types\/post"}],"author":[{"embeddable":true,"href":"https:\/\/www.pharmanutra.it\/it\/wp-json\/wp\/v2\/users\/2"}],"replies":[{"embeddable":true,"href":"https:\/\/www.pharmanutra.it\/it\/wp-json\/wp\/v2\/comments?post=374"}],"version-history":[{"count":0,"href":"https:\/\/www.pharmanutra.it\/it\/wp-json\/wp\/v2\/posts\/374\/revisions"}],"wp:featuredmedia":[{"embeddable":true,"href":"https:\/\/www.pharmanutra.it\/it\/wp-json\/wp\/v2\/media\/375"}],"wp:attachment":[{"href":"https:\/\/www.pharmanutra.it\/it\/wp-json\/wp\/v2\/media?parent=374"}],"wp:term":[{"taxonomy":"category","embeddable":true,"href":"https:\/\/www.pharmanutra.it\/it\/wp-json\/wp\/v2\/categories?post=374"},{"taxonomy":"post_tag","embeddable":true,"href":"https:\/\/www.pharmanutra.it\/it\/wp-json\/wp\/v2\/tags?post=374"},{"taxonomy":"anno_documento","embeddable":true,"href":"https:\/\/www.pharmanutra.it\/it\/wp-json\/wp\/v2\/anno_documento?post=374"}],"curies":[{"name":"wp","href":"https:\/\/api.w.org\/{rel}","templated":true}]}}