{"id":406,"date":"2014-11-17T14:47:24","date_gmt":"2014-11-17T13:47:24","guid":{"rendered":"http:\/\/www.pharmanutra.it\/celadrin-msr-corse-debutto-con-il-podio-alla-6h-di-roma\/"},"modified":"2014-11-17T14:47:24","modified_gmt":"2014-11-17T13:47:24","slug":"celadrin-msr-corse-debutto-con-il-podio-alla-6h-di-roma","status":"publish","type":"post","link":"https:\/\/www.pharmanutra.it\/it\/celadrin-msr-corse-debutto-con-il-podio-alla-6h-di-roma\/","title":{"rendered":"Celadrin MSR Corse: debutto con il podio alla 6h di Roma"},"content":{"rendered":"<p style=\"text-align: center;\"><strong>Lacorte &#8211; Sernagiotto salgono sul secondo gradino del podio al debutto della classica competizione endurance capitolina.<\/strong><\/p>\n<p style=\"text-align: justify;\"><strong>Secondo posto assoluto<\/strong> e <strong>vittoria nella Bronze Cup<\/strong> per il <strong>team Celadrin MSR Corse<\/strong> alla <strong>24&#8242; edizione della 6H di Roma<\/strong>: un risultato che premia tutta la squadra ed incornicia un weekend che era cominciato molto bene gi\u00e0 nelle libere, con le sessioni di qualifica che hanno poi confermato la competitivit\u00e0 del binomio team-vettura (la Tatuus PY012).<\/p>\n<p style=\"text-align: justify;\">Il &#8220;film&#8221; della gara ha visto Sernagiotto salire in macchina per primo ed effettuare una bella partenza che lo ha portato al comando. Il pilota veneto ha tenuto un passo straordinario (firmando anche il giro veloce della gara con 1:34:525) ed \u00e8 rientrato ai box con quasi un giro di vantaggio. Beneficio che per\u00f2 \u00e8 stato vanificato da un problema ad una ruota durante il pit stop, che \u00e8 durato circa 3 minuti. Alla ripartenza Roberto Lacorte \u00e8 rientrato in P6 e ha continuato a tenere il ritmo della gara nelle prime posizioni e ha riconsegnato la Tatuus PY012 a Sernagiotto in P2. Altri due &#8220;stint&#8221; con riscontri cronometrici sempre tra i pi\u00f9 veloci della gara, ma ormai il ritardo accumulato al primo stop aveva compromesso la vittoria assoluta.<\/p>\n<p style=\"text-align: justify;\">C&#8217;\u00e8 comunque grande soddisfazione per il team, che \u00e8 stato ripagato del duro lavoro con un secondo posto assoluto al debutto di una gara cos\u00ec prestigiosa.<\/p>\n<p style=\"text-align: justify;\"><strong>Roberto Lacorte<\/strong> &#8220;<em>Non so se intitolare questa bellissima gara &#8220;una vittoria mancata&#8221; o &#8220;un secondo posto che sa di vittoria&#8221; \u00e8 stata comunque una prova di carattere dove la MSR Corse ha davvero ben figurato in una gara che rappresenta una classica del motorsport<\/em>&#8220;.<\/p>\n<p style=\"text-align: justify;\"><strong>Max Sigalini<\/strong>: &#8220;<em>Grande prestazione di tutta la squadra, sono contento, abbiamo dimostrato la professionalit\u00e0 della MSR Corse. Peccato che un banale componente abbia privato il team di una vittoria certa, considerato anche i riscontri cronometrici che hanno confermato la competitivit\u00e0 dei prototipi CN2 contro una vettura top di categoria GT2. Questo risultato fa ben sperare anche per i nuovi programmi futuri<\/em>&#8220;.<\/p>\n<p style=\"text-align: justify;\"><strong>Giorgio Sernagiotto<\/strong>: &#8220;<em>Sono molto soddisfatto della prestazione, anche se visto come stava svolgendosi la gara credevo nella vittoria. Il primo &#8220;stint&#8221; di gara \u00e9 stato veramente brillante, la vettura era ottima e il set-up molto buono. Lottare con le Ferrari ufficiali e misurarsi con piloti del calibro di Fisichella \u00e8 sempre stimolante!<\/em>&#8220;.<\/p>\n","protected":false},"excerpt":{"rendered":"<p><span style=\"line-height: 19.600000381469727px; text-align: justify;\">Lacorte &#8211; Sernagiotto sul secondo gradino del podio al debutto della classica competizione endurance capitolina<\/span><\/p>\n","protected":false},"author":2,"featured_media":407,"comment_status":"open","ping_status":"open","sticky":false,"template":"","format":"standard","meta":{"footnotes":""},"categories":[15,1],"tags":[],"anno_documento":[70],"class_list":["post-406","post","type-post","status-publish","format-standard","has-post-thumbnail","hentry","category-news-eventi","category-senza-categoria","anno_documento-70"],"yoast_head":"<!-- This site is optimized with the Yoast SEO plugin v26.1.1 - https:\/\/yoast.com\/wordpress\/plugins\/seo\/ -->\n<title>Celadrin MSR Corse: debutto con il podio alla 6h di Roma - pharmanutra.it<\/title>\n<meta name=\"robots\" content=\"index, follow, max-snippet:-1, max-image-preview:large, max-video-preview:-1\" \/>\n<link rel=\"canonical\" href=\"https:\/\/www.pharmanutra.it\/it\/celadrin-msr-corse-debutto-con-il-podio-alla-6h-di-roma\/\" \/>\n<meta property=\"og:locale\" content=\"it_IT\" \/>\n<meta property=\"og:type\" content=\"article\" \/>\n<meta property=\"og:title\" content=\"Celadrin MSR Corse: debutto con il podio alla 6h di Roma - pharmanutra.it\" \/>\n<meta property=\"og:description\" content=\"Lacorte - Sernagiotto sul secondo gradino del podio al debutto della classica competizione endurance capitolina\" \/>\n<meta property=\"og:url\" content=\"https:\/\/www.pharmanutra.it\/it\/celadrin-msr-corse-debutto-con-il-podio-alla-6h-di-roma\/\" \/>\n<meta property=\"og:site_name\" content=\"pharmanutra.it\" \/>\n<meta property=\"article:published_time\" content=\"2014-11-17T13:47:24+00:00\" \/>\n<meta property=\"og:image\" content=\"https:\/\/www.pharmanutra.it\/wp-content\/uploads\/2014\/11\/podio-3.jpg\" \/>\n\t<meta property=\"og:image:width\" content=\"945\" \/>\n\t<meta property=\"og:image:height\" content=\"497\" \/>\n\t<meta property=\"og:image:type\" content=\"image\/jpeg\" \/>\n<meta name=\"author\" content=\"m.montagnani\" \/>\n<meta name=\"twitter:card\" content=\"summary_large_image\" \/>\n<meta name=\"twitter:label1\" content=\"Scritto da\" \/>\n\t<meta name=\"twitter:data1\" content=\"m.montagnani\" \/>\n\t<meta name=\"twitter:label2\" content=\"Tempo di lettura stimato\" \/>\n\t<meta name=\"twitter:data2\" content=\"2 minuti\" \/>\n<script type=\"application\/ld+json\" class=\"yoast-schema-graph\">{\"@context\":\"https:\/\/schema.org\",\"@graph\":[{\"@type\":\"Article\",\"@id\":\"https:\/\/www.pharmanutra.it\/it\/celadrin-msr-corse-debutto-con-il-podio-alla-6h-di-roma\/#article\",\"isPartOf\":{\"@id\":\"https:\/\/www.pharmanutra.it\/it\/celadrin-msr-corse-debutto-con-il-podio-alla-6h-di-roma\/\"},\"author\":{\"name\":\"m.montagnani\",\"@id\":\"https:\/\/www.pharmanutra.it\/it\/#\/schema\/person\/1b5e914c93946e660289a6ff8612e2cf\"},\"headline\":\"Celadrin MSR Corse: debutto con il podio alla 6h di Roma\",\"datePublished\":\"2014-11-17T13:47:24+00:00\",\"mainEntityOfPage\":{\"@id\":\"https:\/\/www.pharmanutra.it\/it\/celadrin-msr-corse-debutto-con-il-podio-alla-6h-di-roma\/\"},\"wordCount\":385,\"commentCount\":0,\"publisher\":{\"@id\":\"https:\/\/www.pharmanutra.it\/it\/#organization\"},\"image\":{\"@id\":\"https:\/\/www.pharmanutra.it\/it\/celadrin-msr-corse-debutto-con-il-podio-alla-6h-di-roma\/#primaryimage\"},\"thumbnailUrl\":\"https:\/\/www.pharmanutra.it\/wp-content\/uploads\/2014\/11\/podio-3.jpg\",\"articleSection\":[\"News &amp; Eventi\"],\"inLanguage\":\"it-IT\",\"potentialAction\":[{\"@type\":\"CommentAction\",\"name\":\"Comment\",\"target\":[\"https:\/\/www.pharmanutra.it\/it\/celadrin-msr-corse-debutto-con-il-podio-alla-6h-di-roma\/#respond\"]}]},{\"@type\":\"WebPage\",\"@id\":\"https:\/\/www.pharmanutra.it\/it\/celadrin-msr-corse-debutto-con-il-podio-alla-6h-di-roma\/\",\"url\":\"https:\/\/www.pharmanutra.it\/it\/celadrin-msr-corse-debutto-con-il-podio-alla-6h-di-roma\/\",\"name\":\"Celadrin MSR Corse: debutto con il podio alla 6h di Roma - pharmanutra.it\",\"isPartOf\":{\"@id\":\"https:\/\/www.pharmanutra.it\/it\/#website\"},\"primaryImageOfPage\":{\"@id\":\"https:\/\/www.pharmanutra.it\/it\/celadrin-msr-corse-debutto-con-il-podio-alla-6h-di-roma\/#primaryimage\"},\"image\":{\"@id\":\"https:\/\/www.pharmanutra.it\/it\/celadrin-msr-corse-debutto-con-il-podio-alla-6h-di-roma\/#primaryimage\"},\"thumbnailUrl\":\"https:\/\/www.pharmanutra.it\/wp-content\/uploads\/2014\/11\/podio-3.jpg\",\"datePublished\":\"2014-11-17T13:47:24+00:00\",\"breadcrumb\":{\"@id\":\"https:\/\/www.pharmanutra.it\/it\/celadrin-msr-corse-debutto-con-il-podio-alla-6h-di-roma\/#breadcrumb\"},\"inLanguage\":\"it-IT\",\"potentialAction\":[{\"@type\":\"ReadAction\",\"target\":[\"https:\/\/www.pharmanutra.it\/it\/celadrin-msr-corse-debutto-con-il-podio-alla-6h-di-roma\/\"]}]},{\"@type\":\"ImageObject\",\"inLanguage\":\"it-IT\",\"@id\":\"https:\/\/www.pharmanutra.it\/it\/celadrin-msr-corse-debutto-con-il-podio-alla-6h-di-roma\/#primaryimage\",\"url\":\"https:\/\/www.pharmanutra.it\/wp-content\/uploads\/2014\/11\/podio-3.jpg\",\"contentUrl\":\"https:\/\/www.pharmanutra.it\/wp-content\/uploads\/2014\/11\/podio-3.jpg\",\"width\":945,\"height\":497},{\"@type\":\"BreadcrumbList\",\"@id\":\"https:\/\/www.pharmanutra.it\/it\/celadrin-msr-corse-debutto-con-il-podio-alla-6h-di-roma\/#breadcrumb\",\"itemListElement\":[{\"@type\":\"ListItem\",\"position\":1,\"name\":\"Home\",\"item\":\"https:\/\/www.pharmanutra.it\/it\/\"},{\"@type\":\"ListItem\",\"position\":2,\"name\":\"Celadrin MSR Corse: debutto con il podio alla 6h di Roma\"}]},{\"@type\":\"WebSite\",\"@id\":\"https:\/\/www.pharmanutra.it\/it\/#website\",\"url\":\"https:\/\/www.pharmanutra.it\/it\/\",\"name\":\"pharmanutra.it\",\"description\":\"\",\"publisher\":{\"@id\":\"https:\/\/www.pharmanutra.it\/it\/#organization\"},\"potentialAction\":[{\"@type\":\"SearchAction\",\"target\":{\"@type\":\"EntryPoint\",\"urlTemplate\":\"https:\/\/www.pharmanutra.it\/it\/?s={search_term_string}\"},\"query-input\":{\"@type\":\"PropertyValueSpecification\",\"valueRequired\":true,\"valueName\":\"search_term_string\"}}],\"inLanguage\":\"it-IT\"},{\"@type\":\"Organization\",\"@id\":\"https:\/\/www.pharmanutra.it\/it\/#organization\",\"name\":\"pharmanutra.it\",\"url\":\"https:\/\/www.pharmanutra.it\/it\/\",\"logo\":{\"@type\":\"ImageObject\",\"inLanguage\":\"it-IT\",\"@id\":\"https:\/\/www.pharmanutra.it\/it\/#\/schema\/logo\/image\/\",\"url\":\"https:\/\/www.pharmanutra.it\/wp-content\/uploads\/2025\/09\/PHN_LOGO2020color.png\",\"contentUrl\":\"https:\/\/www.pharmanutra.it\/wp-content\/uploads\/2025\/09\/PHN_LOGO2020color.png\",\"width\":1856,\"height\":210,\"caption\":\"pharmanutra.it\"},\"image\":{\"@id\":\"https:\/\/www.pharmanutra.it\/it\/#\/schema\/logo\/image\/\"}},{\"@type\":\"Person\",\"@id\":\"https:\/\/www.pharmanutra.it\/it\/#\/schema\/person\/1b5e914c93946e660289a6ff8612e2cf\",\"name\":\"m.montagnani\",\"image\":{\"@type\":\"ImageObject\",\"inLanguage\":\"it-IT\",\"@id\":\"https:\/\/www.pharmanutra.it\/it\/#\/schema\/person\/image\/\",\"url\":\"https:\/\/secure.gravatar.com\/avatar\/c1920c0aa85fa094f7614557e0f41c242c5d2632544ee5e7c41d3b8f10570f68?s=96&d=mm&r=g\",\"contentUrl\":\"https:\/\/secure.gravatar.com\/avatar\/c1920c0aa85fa094f7614557e0f41c242c5d2632544ee5e7c41d3b8f10570f68?s=96&d=mm&r=g\",\"caption\":\"m.montagnani\"},\"url\":\"https:\/\/www.pharmanutra.it\/it\/author\/m-montagnani\/\"}]}<\/script>\n<!-- \/ Yoast SEO plugin. -->","yoast_head_json":{"title":"Celadrin MSR Corse: debutto con il podio alla 6h di Roma - pharmanutra.it","robots":{"index":"index","follow":"follow","max-snippet":"max-snippet:-1","max-image-preview":"max-image-preview:large","max-video-preview":"max-video-preview:-1"},"canonical":"https:\/\/www.pharmanutra.it\/it\/celadrin-msr-corse-debutto-con-il-podio-alla-6h-di-roma\/","og_locale":"it_IT","og_type":"article","og_title":"Celadrin MSR Corse: debutto con il podio alla 6h di Roma - pharmanutra.it","og_description":"Lacorte - Sernagiotto sul secondo gradino del podio al debutto della classica competizione endurance capitolina","og_url":"https:\/\/www.pharmanutra.it\/it\/celadrin-msr-corse-debutto-con-il-podio-alla-6h-di-roma\/","og_site_name":"pharmanutra.it","article_published_time":"2014-11-17T13:47:24+00:00","og_image":[{"width":945,"height":497,"url":"https:\/\/www.pharmanutra.it\/wp-content\/uploads\/2014\/11\/podio-3.jpg","type":"image\/jpeg"}],"author":"m.montagnani","twitter_card":"summary_large_image","twitter_misc":{"Scritto da":"m.montagnani","Tempo di lettura stimato":"2 minuti"},"schema":{"@context":"https:\/\/schema.org","@graph":[{"@type":"Article","@id":"https:\/\/www.pharmanutra.it\/it\/celadrin-msr-corse-debutto-con-il-podio-alla-6h-di-roma\/#article","isPartOf":{"@id":"https:\/\/www.pharmanutra.it\/it\/celadrin-msr-corse-debutto-con-il-podio-alla-6h-di-roma\/"},"author":{"name":"m.montagnani","@id":"https:\/\/www.pharmanutra.it\/it\/#\/schema\/person\/1b5e914c93946e660289a6ff8612e2cf"},"headline":"Celadrin MSR Corse: debutto con il podio alla 6h di Roma","datePublished":"2014-11-17T13:47:24+00:00","mainEntityOfPage":{"@id":"https:\/\/www.pharmanutra.it\/it\/celadrin-msr-corse-debutto-con-il-podio-alla-6h-di-roma\/"},"wordCount":385,"commentCount":0,"publisher":{"@id":"https:\/\/www.pharmanutra.it\/it\/#organization"},"image":{"@id":"https:\/\/www.pharmanutra.it\/it\/celadrin-msr-corse-debutto-con-il-podio-alla-6h-di-roma\/#primaryimage"},"thumbnailUrl":"https:\/\/www.pharmanutra.it\/wp-content\/uploads\/2014\/11\/podio-3.jpg","articleSection":["News &amp; Eventi"],"inLanguage":"it-IT","potentialAction":[{"@type":"CommentAction","name":"Comment","target":["https:\/\/www.pharmanutra.it\/it\/celadrin-msr-corse-debutto-con-il-podio-alla-6h-di-roma\/#respond"]}]},{"@type":"WebPage","@id":"https:\/\/www.pharmanutra.it\/it\/celadrin-msr-corse-debutto-con-il-podio-alla-6h-di-roma\/","url":"https:\/\/www.pharmanutra.it\/it\/celadrin-msr-corse-debutto-con-il-podio-alla-6h-di-roma\/","name":"Celadrin MSR Corse: debutto con il podio alla 6h di Roma - pharmanutra.it","isPartOf":{"@id":"https:\/\/www.pharmanutra.it\/it\/#website"},"primaryImageOfPage":{"@id":"https:\/\/www.pharmanutra.it\/it\/celadrin-msr-corse-debutto-con-il-podio-alla-6h-di-roma\/#primaryimage"},"image":{"@id":"https:\/\/www.pharmanutra.it\/it\/celadrin-msr-corse-debutto-con-il-podio-alla-6h-di-roma\/#primaryimage"},"thumbnailUrl":"https:\/\/www.pharmanutra.it\/wp-content\/uploads\/2014\/11\/podio-3.jpg","datePublished":"2014-11-17T13:47:24+00:00","breadcrumb":{"@id":"https:\/\/www.pharmanutra.it\/it\/celadrin-msr-corse-debutto-con-il-podio-alla-6h-di-roma\/#breadcrumb"},"inLanguage":"it-IT","potentialAction":[{"@type":"ReadAction","target":["https:\/\/www.pharmanutra.it\/it\/celadrin-msr-corse-debutto-con-il-podio-alla-6h-di-roma\/"]}]},{"@type":"ImageObject","inLanguage":"it-IT","@id":"https:\/\/www.pharmanutra.it\/it\/celadrin-msr-corse-debutto-con-il-podio-alla-6h-di-roma\/#primaryimage","url":"https:\/\/www.pharmanutra.it\/wp-content\/uploads\/2014\/11\/podio-3.jpg","contentUrl":"https:\/\/www.pharmanutra.it\/wp-content\/uploads\/2014\/11\/podio-3.jpg","width":945,"height":497},{"@type":"BreadcrumbList","@id":"https:\/\/www.pharmanutra.it\/it\/celadrin-msr-corse-debutto-con-il-podio-alla-6h-di-roma\/#breadcrumb","itemListElement":[{"@type":"ListItem","position":1,"name":"Home","item":"https:\/\/www.pharmanutra.it\/it\/"},{"@type":"ListItem","position":2,"name":"Celadrin MSR Corse: debutto con il podio alla 6h di Roma"}]},{"@type":"WebSite","@id":"https:\/\/www.pharmanutra.it\/it\/#website","url":"https:\/\/www.pharmanutra.it\/it\/","name":"pharmanutra.it","description":"","publisher":{"@id":"https:\/\/www.pharmanutra.it\/it\/#organization"},"potentialAction":[{"@type":"SearchAction","target":{"@type":"EntryPoint","urlTemplate":"https:\/\/www.pharmanutra.it\/it\/?s={search_term_string}"},"query-input":{"@type":"PropertyValueSpecification","valueRequired":true,"valueName":"search_term_string"}}],"inLanguage":"it-IT"},{"@type":"Organization","@id":"https:\/\/www.pharmanutra.it\/it\/#organization","name":"pharmanutra.it","url":"https:\/\/www.pharmanutra.it\/it\/","logo":{"@type":"ImageObject","inLanguage":"it-IT","@id":"https:\/\/www.pharmanutra.it\/it\/#\/schema\/logo\/image\/","url":"https:\/\/www.pharmanutra.it\/wp-content\/uploads\/2025\/09\/PHN_LOGO2020color.png","contentUrl":"https:\/\/www.pharmanutra.it\/wp-content\/uploads\/2025\/09\/PHN_LOGO2020color.png","width":1856,"height":210,"caption":"pharmanutra.it"},"image":{"@id":"https:\/\/www.pharmanutra.it\/it\/#\/schema\/logo\/image\/"}},{"@type":"Person","@id":"https:\/\/www.pharmanutra.it\/it\/#\/schema\/person\/1b5e914c93946e660289a6ff8612e2cf","name":"m.montagnani","image":{"@type":"ImageObject","inLanguage":"it-IT","@id":"https:\/\/www.pharmanutra.it\/it\/#\/schema\/person\/image\/","url":"https:\/\/secure.gravatar.com\/avatar\/c1920c0aa85fa094f7614557e0f41c242c5d2632544ee5e7c41d3b8f10570f68?s=96&d=mm&r=g","contentUrl":"https:\/\/secure.gravatar.com\/avatar\/c1920c0aa85fa094f7614557e0f41c242c5d2632544ee5e7c41d3b8f10570f68?s=96&d=mm&r=g","caption":"m.montagnani"},"url":"https:\/\/www.pharmanutra.it\/it\/author\/m-montagnani\/"}]}},"meta_box":[],"_links":{"self":[{"href":"https:\/\/www.pharmanutra.it\/it\/wp-json\/wp\/v2\/posts\/406","targetHints":{"allow":["GET"]}}],"collection":[{"href":"https:\/\/www.pharmanutra.it\/it\/wp-json\/wp\/v2\/posts"}],"about":[{"href":"https:\/\/www.pharmanutra.it\/it\/wp-json\/wp\/v2\/types\/post"}],"author":[{"embeddable":true,"href":"https:\/\/www.pharmanutra.it\/it\/wp-json\/wp\/v2\/users\/2"}],"replies":[{"embeddable":true,"href":"https:\/\/www.pharmanutra.it\/it\/wp-json\/wp\/v2\/comments?post=406"}],"version-history":[{"count":0,"href":"https:\/\/www.pharmanutra.it\/it\/wp-json\/wp\/v2\/posts\/406\/revisions"}],"wp:featuredmedia":[{"embeddable":true,"href":"https:\/\/www.pharmanutra.it\/it\/wp-json\/wp\/v2\/media\/407"}],"wp:attachment":[{"href":"https:\/\/www.pharmanutra.it\/it\/wp-json\/wp\/v2\/media?parent=406"}],"wp:term":[{"taxonomy":"category","embeddable":true,"href":"https:\/\/www.pharmanutra.it\/it\/wp-json\/wp\/v2\/categories?post=406"},{"taxonomy":"post_tag","embeddable":true,"href":"https:\/\/www.pharmanutra.it\/it\/wp-json\/wp\/v2\/tags?post=406"},{"taxonomy":"anno_documento","embeddable":true,"href":"https:\/\/www.pharmanutra.it\/it\/wp-json\/wp\/v2\/anno_documento?post=406"}],"curies":[{"name":"wp","href":"https:\/\/api.w.org\/{rel}","templated":true}]}}