{"id":516,"date":"2015-07-09T11:00:16","date_gmt":"2015-07-09T09:00:16","guid":{"rendered":"http:\/\/www.pharmanutra.it\/debutto-bis-di-celadrin-villorba-corse-in-elms-al-red-bull-ring\/"},"modified":"2015-07-09T11:00:16","modified_gmt":"2015-07-09T09:00:16","slug":"debutto-bis-di-celadrin-villorba-corse-in-elms-al-red-bull-ring","status":"publish","type":"post","link":"https:\/\/www.pharmanutra.it\/it\/debutto-bis-di-celadrin-villorba-corse-in-elms-al-red-bull-ring\/","title":{"rendered":"Debutto bis di Celadrin Villorba Corse in ELMS al Red Bull Ring"},"content":{"rendered":"<p><span style=\"line-height: 19.600000381469727px;\">L&#8217;11-12 luglio il veneto <strong>Sernagiotto<\/strong> e il toscano <strong>Lacorte<\/strong> tornano sul nuovo prototipo <strong>Ginetta-Nissan LMP3<\/strong>, rivisitato dopo la gara-test di Imola, alla <strong>4 Ore austriaca<\/strong>, terzo round della serie dell&#8217;<strong>ACO Le Mans<\/strong>.<\/span><\/p>\n<p>La sfida della <strong>4 Ore del Red Bull Ring<\/strong> attende domenica 12 luglio la scuderia <strong>Celadrin Villorba Corse<\/strong>. L&#8217;impegnativo terzo round dell&#8217;<strong>European Le Mans Series<\/strong> sar\u00e0 una sorta di debutto-bis nella serie internazionale per il team trevigiano e per i piloti titolari <strong>Giorgio Sernagiotto<\/strong> e <strong>Roberto Lacorte<\/strong> al volante della Ginetta-Nissan LMP3, costretti prima a saltare Silverstone in attesa della consegna del nuovo prototipo e poi a prendere il via a Imola come fosse una gara-test dopo aver completato il lavoro sull&#8217;auto il giorno precedente alle prove libere.<\/p>\n<p>Alla luce del weekend emiliano la squadra diretta da <strong>Raimondo Amadio<\/strong> ha continuato a lavorare intensamente per affinare le varie componenti e la messa a punto della Ginetta-Nissan, raccogliendo dati in una due-giorni di test a Le Castellet e rivisitando alcuni dettagli e particolari per presentarsi in buona forma all&#8217;appuntamento austriaco del prossimo fine settimana, dove Sernagiotto-Lacorte saranno l&#8217;unico equipaggio italiano iscritto in LMP3, la nuova categoria introdotta dall&#8217;ACO Le Mans. Per il pilota trevigiano e il compagno di squadra pisano, impegnati con Celadrin Villorba Corse nel programma racing &#8220;Road to Le Mans&#8221; con l&#8217;obiettivo di una futura partecipazione alla leggendaria 24 Ore, la sfida nella sfida sar\u00e0 anche quella di trovare i pi\u00f9 efficaci riferimenti su un tracciato pressoch\u00e9 sconosciuto, dove Sernagiotto ha corso solo nel 2001 in F.3 e Lacorte \u00e8 all&#8217;esordio assoluto.<\/p>\n<p>Il team principal <strong>Amadio<\/strong> commenta: <em>&#8220;Dopo Imola e i test del Paul Ricard la nostra sport-prototipo \u00e8 stata sottoposta a un&#8217;intensa cura dei dettagli e a una rivisitazione di quei particolari che nel round precedente avevano mostrato i tipici problemi di giovent\u00f9 che possono rivelarsi su qualsiasi auto del tutto nuova. Quindi per la squadra il campionato inizia in Austria e il Red Bull Ring rappresenta la prima vera gara. Ci attendiamo un fine settimana impegnativo e dove anche la componente traffico non sar\u00e0 da sottovalutare, trattandosi di un circuito tra i pi\u00f9 brevi&#8221;<\/em>.<\/p>\n<p><strong>Sernagiotto<\/strong>:<em> &#8220;Mi sento molto motivato per questa gara perch\u00e9 Celadrin Villorba Corse ha svolto un grande lavoro di messa a punto della nostra LMP3 e i test a Le Castellet ci hanno aiutato molto a capire la vettura e le sue dinamiche. Incrociamo le dita&#8221;<\/em>.<\/p>\n<p><strong>Lacorte<\/strong>: <em>&#8220;Abbiamo tanta voglia di fare un gran bel lavoro. Il team ha preso le giuste misure con la vettura apportando tutti i miglioramenti derivanti dai rilevamenti e dai dati raccolti durante il test. Ci sono gli elementi per avere le giuste motivazioni e i giusti mezzi per andare a Zeltweg per raccogliere le prime vere soddisfazioni&#8221;<\/em>.<\/p>\n<p>In tutto <strong>29 equipaggi<\/strong> prenderanno parte alla 4 Ore austriaca, che sar\u00e0 aperta sabato 11 luglio da <strong>due sessioni di prove libere da 90 minuti<\/strong>, la prima alle <strong>10.30<\/strong> e la seconda alle <strong>14.40<\/strong>. Per i prototipi LMP2 ed LMP3 le <strong>prove di qualificazione<\/strong> (20 minuti) si disputano <strong>domenica alle 9.45<\/strong>, mentre <strong>la gara<\/strong> si disputa con <strong>partenza alle 13.30<\/strong> con diretta streaming sul sito ufficiale della ELMS<span style=\"color: #3366ff;\">\u00a0<a href=\"http:\/\/www.europeanlemansseries.com\/\"><span style=\"color: #3366ff;\">www.europeanlemansseries.com<\/span><\/a><\/span>\u00a0e dirette e differite televisive in tutta Europa e nel Mondo.<\/p>\n<p>European Le Mans Series calendar:<br \/>\n23-24 mar. Official Test Days at Le Castellet (FRA);<br \/>\n10-11 apr. Silverstone (GBR);<br \/>\n16-17 may Imola (ITA);<br \/>\n11-12 july Zeltweg (AUT);<br \/>\n5-6 sept. Le Castellet (FRA);<br \/>\n17-18 oct. Estoril (POR).<\/p>\n<p>&nbsp;<\/p>\n","protected":false},"excerpt":{"rendered":"<p>Celadrin torna a sfrecciare a&nbsp;Zeltveg per la 4 Ore del Red Bull Ring.<\/p>\n","protected":false},"author":2,"featured_media":517,"comment_status":"open","ping_status":"open","sticky":false,"template":"","format":"standard","meta":{"footnotes":""},"categories":[15,1],"tags":[],"anno_documento":[71],"class_list":["post-516","post","type-post","status-publish","format-standard","has-post-thumbnail","hentry","category-news-eventi","category-senza-categoria","anno_documento-71"],"yoast_head":"<!-- This site is optimized with the Yoast SEO plugin v26.1.1 - https:\/\/yoast.com\/wordpress\/plugins\/seo\/ -->\n<title>Debutto bis di Celadrin Villorba Corse in ELMS al Red Bull Ring - pharmanutra.it<\/title>\n<meta name=\"robots\" content=\"index, follow, max-snippet:-1, max-image-preview:large, max-video-preview:-1\" \/>\n<link rel=\"canonical\" href=\"https:\/\/www.pharmanutra.it\/it\/debutto-bis-di-celadrin-villorba-corse-in-elms-al-red-bull-ring\/\" \/>\n<meta property=\"og:locale\" content=\"it_IT\" \/>\n<meta property=\"og:type\" content=\"article\" \/>\n<meta property=\"og:title\" content=\"Debutto bis di Celadrin Villorba Corse in ELMS al Red Bull Ring - pharmanutra.it\" \/>\n<meta property=\"og:description\" content=\"Celadrin torna a sfrecciare a&nbsp;Zeltveg per la 4 Ore del Red Bull Ring.\" \/>\n<meta property=\"og:url\" content=\"https:\/\/www.pharmanutra.it\/it\/debutto-bis-di-celadrin-villorba-corse-in-elms-al-red-bull-ring\/\" \/>\n<meta property=\"og:site_name\" content=\"pharmanutra.it\" \/>\n<meta property=\"article:published_time\" content=\"2015-07-09T09:00:16+00:00\" \/>\n<meta property=\"og:image\" content=\"https:\/\/www.pharmanutra.it\/wp-content\/uploads\/2015\/07\/villorba_austria.jpg\" \/>\n\t<meta property=\"og:image:width\" content=\"945\" \/>\n\t<meta property=\"og:image:height\" content=\"417\" \/>\n\t<meta property=\"og:image:type\" content=\"image\/jpeg\" \/>\n<meta name=\"author\" content=\"m.montagnani\" \/>\n<meta name=\"twitter:card\" content=\"summary_large_image\" \/>\n<meta name=\"twitter:label1\" content=\"Scritto da\" \/>\n\t<meta name=\"twitter:data1\" content=\"m.montagnani\" \/>\n\t<meta name=\"twitter:label2\" content=\"Tempo di lettura stimato\" \/>\n\t<meta name=\"twitter:data2\" content=\"3 minuti\" \/>\n<script type=\"application\/ld+json\" class=\"yoast-schema-graph\">{\"@context\":\"https:\/\/schema.org\",\"@graph\":[{\"@type\":\"Article\",\"@id\":\"https:\/\/www.pharmanutra.it\/it\/debutto-bis-di-celadrin-villorba-corse-in-elms-al-red-bull-ring\/#article\",\"isPartOf\":{\"@id\":\"https:\/\/www.pharmanutra.it\/it\/debutto-bis-di-celadrin-villorba-corse-in-elms-al-red-bull-ring\/\"},\"author\":{\"name\":\"m.montagnani\",\"@id\":\"https:\/\/www.pharmanutra.it\/it\/#\/schema\/person\/1b5e914c93946e660289a6ff8612e2cf\"},\"headline\":\"Debutto bis di Celadrin Villorba Corse in ELMS al Red Bull Ring\",\"datePublished\":\"2015-07-09T09:00:16+00:00\",\"mainEntityOfPage\":{\"@id\":\"https:\/\/www.pharmanutra.it\/it\/debutto-bis-di-celadrin-villorba-corse-in-elms-al-red-bull-ring\/\"},\"wordCount\":576,\"commentCount\":0,\"publisher\":{\"@id\":\"https:\/\/www.pharmanutra.it\/it\/#organization\"},\"image\":{\"@id\":\"https:\/\/www.pharmanutra.it\/it\/debutto-bis-di-celadrin-villorba-corse-in-elms-al-red-bull-ring\/#primaryimage\"},\"thumbnailUrl\":\"https:\/\/www.pharmanutra.it\/wp-content\/uploads\/2015\/07\/villorba_austria.jpg\",\"articleSection\":[\"News &amp; Eventi\"],\"inLanguage\":\"it-IT\",\"potentialAction\":[{\"@type\":\"CommentAction\",\"name\":\"Comment\",\"target\":[\"https:\/\/www.pharmanutra.it\/it\/debutto-bis-di-celadrin-villorba-corse-in-elms-al-red-bull-ring\/#respond\"]}]},{\"@type\":\"WebPage\",\"@id\":\"https:\/\/www.pharmanutra.it\/it\/debutto-bis-di-celadrin-villorba-corse-in-elms-al-red-bull-ring\/\",\"url\":\"https:\/\/www.pharmanutra.it\/it\/debutto-bis-di-celadrin-villorba-corse-in-elms-al-red-bull-ring\/\",\"name\":\"Debutto bis di Celadrin Villorba Corse in ELMS al Red Bull Ring - pharmanutra.it\",\"isPartOf\":{\"@id\":\"https:\/\/www.pharmanutra.it\/it\/#website\"},\"primaryImageOfPage\":{\"@id\":\"https:\/\/www.pharmanutra.it\/it\/debutto-bis-di-celadrin-villorba-corse-in-elms-al-red-bull-ring\/#primaryimage\"},\"image\":{\"@id\":\"https:\/\/www.pharmanutra.it\/it\/debutto-bis-di-celadrin-villorba-corse-in-elms-al-red-bull-ring\/#primaryimage\"},\"thumbnailUrl\":\"https:\/\/www.pharmanutra.it\/wp-content\/uploads\/2015\/07\/villorba_austria.jpg\",\"datePublished\":\"2015-07-09T09:00:16+00:00\",\"breadcrumb\":{\"@id\":\"https:\/\/www.pharmanutra.it\/it\/debutto-bis-di-celadrin-villorba-corse-in-elms-al-red-bull-ring\/#breadcrumb\"},\"inLanguage\":\"it-IT\",\"potentialAction\":[{\"@type\":\"ReadAction\",\"target\":[\"https:\/\/www.pharmanutra.it\/it\/debutto-bis-di-celadrin-villorba-corse-in-elms-al-red-bull-ring\/\"]}]},{\"@type\":\"ImageObject\",\"inLanguage\":\"it-IT\",\"@id\":\"https:\/\/www.pharmanutra.it\/it\/debutto-bis-di-celadrin-villorba-corse-in-elms-al-red-bull-ring\/#primaryimage\",\"url\":\"https:\/\/www.pharmanutra.it\/wp-content\/uploads\/2015\/07\/villorba_austria.jpg\",\"contentUrl\":\"https:\/\/www.pharmanutra.it\/wp-content\/uploads\/2015\/07\/villorba_austria.jpg\",\"width\":945,\"height\":417},{\"@type\":\"BreadcrumbList\",\"@id\":\"https:\/\/www.pharmanutra.it\/it\/debutto-bis-di-celadrin-villorba-corse-in-elms-al-red-bull-ring\/#breadcrumb\",\"itemListElement\":[{\"@type\":\"ListItem\",\"position\":1,\"name\":\"Home\",\"item\":\"https:\/\/www.pharmanutra.it\/it\/\"},{\"@type\":\"ListItem\",\"position\":2,\"name\":\"Debutto bis di Celadrin Villorba Corse in ELMS al Red Bull Ring\"}]},{\"@type\":\"WebSite\",\"@id\":\"https:\/\/www.pharmanutra.it\/it\/#website\",\"url\":\"https:\/\/www.pharmanutra.it\/it\/\",\"name\":\"pharmanutra.it\",\"description\":\"\",\"publisher\":{\"@id\":\"https:\/\/www.pharmanutra.it\/it\/#organization\"},\"potentialAction\":[{\"@type\":\"SearchAction\",\"target\":{\"@type\":\"EntryPoint\",\"urlTemplate\":\"https:\/\/www.pharmanutra.it\/it\/?s={search_term_string}\"},\"query-input\":{\"@type\":\"PropertyValueSpecification\",\"valueRequired\":true,\"valueName\":\"search_term_string\"}}],\"inLanguage\":\"it-IT\"},{\"@type\":\"Organization\",\"@id\":\"https:\/\/www.pharmanutra.it\/it\/#organization\",\"name\":\"pharmanutra.it\",\"url\":\"https:\/\/www.pharmanutra.it\/it\/\",\"logo\":{\"@type\":\"ImageObject\",\"inLanguage\":\"it-IT\",\"@id\":\"https:\/\/www.pharmanutra.it\/it\/#\/schema\/logo\/image\/\",\"url\":\"https:\/\/www.pharmanutra.it\/wp-content\/uploads\/2025\/09\/PHN_LOGO2020color.png\",\"contentUrl\":\"https:\/\/www.pharmanutra.it\/wp-content\/uploads\/2025\/09\/PHN_LOGO2020color.png\",\"width\":1856,\"height\":210,\"caption\":\"pharmanutra.it\"},\"image\":{\"@id\":\"https:\/\/www.pharmanutra.it\/it\/#\/schema\/logo\/image\/\"}},{\"@type\":\"Person\",\"@id\":\"https:\/\/www.pharmanutra.it\/it\/#\/schema\/person\/1b5e914c93946e660289a6ff8612e2cf\",\"name\":\"m.montagnani\",\"image\":{\"@type\":\"ImageObject\",\"inLanguage\":\"it-IT\",\"@id\":\"https:\/\/www.pharmanutra.it\/it\/#\/schema\/person\/image\/\",\"url\":\"https:\/\/secure.gravatar.com\/avatar\/c1920c0aa85fa094f7614557e0f41c242c5d2632544ee5e7c41d3b8f10570f68?s=96&d=mm&r=g\",\"contentUrl\":\"https:\/\/secure.gravatar.com\/avatar\/c1920c0aa85fa094f7614557e0f41c242c5d2632544ee5e7c41d3b8f10570f68?s=96&d=mm&r=g\",\"caption\":\"m.montagnani\"},\"url\":\"https:\/\/www.pharmanutra.it\/it\/author\/m-montagnani\/\"}]}<\/script>\n<!-- \/ Yoast SEO plugin. -->","yoast_head_json":{"title":"Debutto bis di Celadrin Villorba Corse in ELMS al Red Bull Ring - pharmanutra.it","robots":{"index":"index","follow":"follow","max-snippet":"max-snippet:-1","max-image-preview":"max-image-preview:large","max-video-preview":"max-video-preview:-1"},"canonical":"https:\/\/www.pharmanutra.it\/it\/debutto-bis-di-celadrin-villorba-corse-in-elms-al-red-bull-ring\/","og_locale":"it_IT","og_type":"article","og_title":"Debutto bis di Celadrin Villorba Corse in ELMS al Red Bull Ring - pharmanutra.it","og_description":"Celadrin torna a sfrecciare a&nbsp;Zeltveg per la 4 Ore del Red Bull Ring.","og_url":"https:\/\/www.pharmanutra.it\/it\/debutto-bis-di-celadrin-villorba-corse-in-elms-al-red-bull-ring\/","og_site_name":"pharmanutra.it","article_published_time":"2015-07-09T09:00:16+00:00","og_image":[{"width":945,"height":417,"url":"https:\/\/www.pharmanutra.it\/wp-content\/uploads\/2015\/07\/villorba_austria.jpg","type":"image\/jpeg"}],"author":"m.montagnani","twitter_card":"summary_large_image","twitter_misc":{"Scritto da":"m.montagnani","Tempo di lettura stimato":"3 minuti"},"schema":{"@context":"https:\/\/schema.org","@graph":[{"@type":"Article","@id":"https:\/\/www.pharmanutra.it\/it\/debutto-bis-di-celadrin-villorba-corse-in-elms-al-red-bull-ring\/#article","isPartOf":{"@id":"https:\/\/www.pharmanutra.it\/it\/debutto-bis-di-celadrin-villorba-corse-in-elms-al-red-bull-ring\/"},"author":{"name":"m.montagnani","@id":"https:\/\/www.pharmanutra.it\/it\/#\/schema\/person\/1b5e914c93946e660289a6ff8612e2cf"},"headline":"Debutto bis di Celadrin Villorba Corse in ELMS al Red Bull Ring","datePublished":"2015-07-09T09:00:16+00:00","mainEntityOfPage":{"@id":"https:\/\/www.pharmanutra.it\/it\/debutto-bis-di-celadrin-villorba-corse-in-elms-al-red-bull-ring\/"},"wordCount":576,"commentCount":0,"publisher":{"@id":"https:\/\/www.pharmanutra.it\/it\/#organization"},"image":{"@id":"https:\/\/www.pharmanutra.it\/it\/debutto-bis-di-celadrin-villorba-corse-in-elms-al-red-bull-ring\/#primaryimage"},"thumbnailUrl":"https:\/\/www.pharmanutra.it\/wp-content\/uploads\/2015\/07\/villorba_austria.jpg","articleSection":["News &amp; Eventi"],"inLanguage":"it-IT","potentialAction":[{"@type":"CommentAction","name":"Comment","target":["https:\/\/www.pharmanutra.it\/it\/debutto-bis-di-celadrin-villorba-corse-in-elms-al-red-bull-ring\/#respond"]}]},{"@type":"WebPage","@id":"https:\/\/www.pharmanutra.it\/it\/debutto-bis-di-celadrin-villorba-corse-in-elms-al-red-bull-ring\/","url":"https:\/\/www.pharmanutra.it\/it\/debutto-bis-di-celadrin-villorba-corse-in-elms-al-red-bull-ring\/","name":"Debutto bis di Celadrin Villorba Corse in ELMS al Red Bull Ring - pharmanutra.it","isPartOf":{"@id":"https:\/\/www.pharmanutra.it\/it\/#website"},"primaryImageOfPage":{"@id":"https:\/\/www.pharmanutra.it\/it\/debutto-bis-di-celadrin-villorba-corse-in-elms-al-red-bull-ring\/#primaryimage"},"image":{"@id":"https:\/\/www.pharmanutra.it\/it\/debutto-bis-di-celadrin-villorba-corse-in-elms-al-red-bull-ring\/#primaryimage"},"thumbnailUrl":"https:\/\/www.pharmanutra.it\/wp-content\/uploads\/2015\/07\/villorba_austria.jpg","datePublished":"2015-07-09T09:00:16+00:00","breadcrumb":{"@id":"https:\/\/www.pharmanutra.it\/it\/debutto-bis-di-celadrin-villorba-corse-in-elms-al-red-bull-ring\/#breadcrumb"},"inLanguage":"it-IT","potentialAction":[{"@type":"ReadAction","target":["https:\/\/www.pharmanutra.it\/it\/debutto-bis-di-celadrin-villorba-corse-in-elms-al-red-bull-ring\/"]}]},{"@type":"ImageObject","inLanguage":"it-IT","@id":"https:\/\/www.pharmanutra.it\/it\/debutto-bis-di-celadrin-villorba-corse-in-elms-al-red-bull-ring\/#primaryimage","url":"https:\/\/www.pharmanutra.it\/wp-content\/uploads\/2015\/07\/villorba_austria.jpg","contentUrl":"https:\/\/www.pharmanutra.it\/wp-content\/uploads\/2015\/07\/villorba_austria.jpg","width":945,"height":417},{"@type":"BreadcrumbList","@id":"https:\/\/www.pharmanutra.it\/it\/debutto-bis-di-celadrin-villorba-corse-in-elms-al-red-bull-ring\/#breadcrumb","itemListElement":[{"@type":"ListItem","position":1,"name":"Home","item":"https:\/\/www.pharmanutra.it\/it\/"},{"@type":"ListItem","position":2,"name":"Debutto bis di Celadrin Villorba Corse in ELMS al Red Bull Ring"}]},{"@type":"WebSite","@id":"https:\/\/www.pharmanutra.it\/it\/#website","url":"https:\/\/www.pharmanutra.it\/it\/","name":"pharmanutra.it","description":"","publisher":{"@id":"https:\/\/www.pharmanutra.it\/it\/#organization"},"potentialAction":[{"@type":"SearchAction","target":{"@type":"EntryPoint","urlTemplate":"https:\/\/www.pharmanutra.it\/it\/?s={search_term_string}"},"query-input":{"@type":"PropertyValueSpecification","valueRequired":true,"valueName":"search_term_string"}}],"inLanguage":"it-IT"},{"@type":"Organization","@id":"https:\/\/www.pharmanutra.it\/it\/#organization","name":"pharmanutra.it","url":"https:\/\/www.pharmanutra.it\/it\/","logo":{"@type":"ImageObject","inLanguage":"it-IT","@id":"https:\/\/www.pharmanutra.it\/it\/#\/schema\/logo\/image\/","url":"https:\/\/www.pharmanutra.it\/wp-content\/uploads\/2025\/09\/PHN_LOGO2020color.png","contentUrl":"https:\/\/www.pharmanutra.it\/wp-content\/uploads\/2025\/09\/PHN_LOGO2020color.png","width":1856,"height":210,"caption":"pharmanutra.it"},"image":{"@id":"https:\/\/www.pharmanutra.it\/it\/#\/schema\/logo\/image\/"}},{"@type":"Person","@id":"https:\/\/www.pharmanutra.it\/it\/#\/schema\/person\/1b5e914c93946e660289a6ff8612e2cf","name":"m.montagnani","image":{"@type":"ImageObject","inLanguage":"it-IT","@id":"https:\/\/www.pharmanutra.it\/it\/#\/schema\/person\/image\/","url":"https:\/\/secure.gravatar.com\/avatar\/c1920c0aa85fa094f7614557e0f41c242c5d2632544ee5e7c41d3b8f10570f68?s=96&d=mm&r=g","contentUrl":"https:\/\/secure.gravatar.com\/avatar\/c1920c0aa85fa094f7614557e0f41c242c5d2632544ee5e7c41d3b8f10570f68?s=96&d=mm&r=g","caption":"m.montagnani"},"url":"https:\/\/www.pharmanutra.it\/it\/author\/m-montagnani\/"}]}},"meta_box":[],"_links":{"self":[{"href":"https:\/\/www.pharmanutra.it\/it\/wp-json\/wp\/v2\/posts\/516","targetHints":{"allow":["GET"]}}],"collection":[{"href":"https:\/\/www.pharmanutra.it\/it\/wp-json\/wp\/v2\/posts"}],"about":[{"href":"https:\/\/www.pharmanutra.it\/it\/wp-json\/wp\/v2\/types\/post"}],"author":[{"embeddable":true,"href":"https:\/\/www.pharmanutra.it\/it\/wp-json\/wp\/v2\/users\/2"}],"replies":[{"embeddable":true,"href":"https:\/\/www.pharmanutra.it\/it\/wp-json\/wp\/v2\/comments?post=516"}],"version-history":[{"count":0,"href":"https:\/\/www.pharmanutra.it\/it\/wp-json\/wp\/v2\/posts\/516\/revisions"}],"wp:featuredmedia":[{"embeddable":true,"href":"https:\/\/www.pharmanutra.it\/it\/wp-json\/wp\/v2\/media\/517"}],"wp:attachment":[{"href":"https:\/\/www.pharmanutra.it\/it\/wp-json\/wp\/v2\/media?parent=516"}],"wp:term":[{"taxonomy":"category","embeddable":true,"href":"https:\/\/www.pharmanutra.it\/it\/wp-json\/wp\/v2\/categories?post=516"},{"taxonomy":"post_tag","embeddable":true,"href":"https:\/\/www.pharmanutra.it\/it\/wp-json\/wp\/v2\/tags?post=516"},{"taxonomy":"anno_documento","embeddable":true,"href":"https:\/\/www.pharmanutra.it\/it\/wp-json\/wp\/v2\/anno_documento?post=516"}],"curies":[{"name":"wp","href":"https:\/\/api.w.org\/{rel}","templated":true}]}}