{"id":528,"date":"2015-08-25T07:37:35","date_gmt":"2015-08-25T05:37:35","guid":{"rendered":"http:\/\/www.pharmanutra.it\/vitamina-al-melges-32-world-championship-a-trapani-c-e-il-mondo-in-pali\/"},"modified":"2015-08-25T07:37:35","modified_gmt":"2015-08-25T05:37:35","slug":"vitamina-al-melges-32-world-championship-a-trapani-c-e-il-mondo-in-pali","status":"publish","type":"post","link":"https:\/\/www.pharmanutra.it\/it\/vitamina-al-melges-32-world-championship-a-trapani-c-e-il-mondo-in-pali\/","title":{"rendered":"VitaminA al Melges 32 World Championship: a Trapani c\u2019\u00e8 il mondo in palio"},"content":{"rendered":"<p>Dal 23 agosto 2015\u00a0la <strong>settima edizione del Melges 32 World Championship<\/strong> \u00e8 pronta ad entrare nel vivo a <strong>Trapani<\/strong>, nel cuore del Mediterraneo, dove scalpitano ventidue equipaggi e con essi i pi\u00f9 grandi nomi della vela internazionale.<\/p>\n<p>Valida come quinta tappa delle Audi tron Sailing Series, la manifestazione organizzata da B.Plan Sport&amp;Events e dallo Yacht Club Favignana in collaborazione con Melges Europe, e prevista sulla distanza di dieci prove, il Melges 32 World Championship inizier\u00e0 mercoled\u00ec 26 per concludersi domenica 30 agosto. Il primo atto ufficiale della manifestazione \u00e8 andato in scena ieri, luned\u00ec 24 agosto, quando, al termine della regata di prova, gli equipaggi sono stati presentati al pubblico per mezzo di una sfilata che ha avuto come destinazione conclusiva il Villaggio Hospitality, localizzato in Via Ammiraglio Staiti, cuore pulsante di questo attesissimo evento.<\/p>\n<p style=\"line-height: 19.600000381469727px;\"><strong>VitaminA<\/strong> dopo i buoni risultati ottenuti nelle prime fasi del campionato, ricordiamo un 7\u00b0 in Act 2 e un 4\u00b0 posto assoluti, si appresta a prendere parte a questa settima edizione del <strong>Melges 32 World Championship<\/strong>\u00a0con la seguente formazione:<\/p>\n<p style=\"line-height: 19.600000381469727px;\"><strong>Andrea Lacorte<\/strong>\u00a0&#8211; timoniere,<br \/>\n<strong>Jesper Radich<\/strong>\u00a0&#8211; tattico,<br \/>\n<strong>Matteo De Luca<\/strong>\u00a0&#8211; prodiere,<br \/>\n<strong>Andrea Fornaro<\/strong>\u00a0&#8211; randista,<br \/>\n<strong>Francesco Coari<\/strong>\u00a0&#8211; all\u2019albero,<br \/>\n<strong>Davide di Maio<\/strong>\u00a0&#8211; primo tailer,<br \/>\n<strong>Gianluca Malfitano<\/strong>\u00a0&#8211;\u00a0secondo tailer<br \/>\n<strong>Giovanni Bucarell<\/strong>i\u00a0&#8211; drizzista.<\/p>\n<p>&nbsp;<\/p>\n<p>_<\/p>\n<p>Il Melges 32 World Championship sar\u00e0 trasmesso in diretta streaming da Zerogradinord, media partner di BPSE. Il commento in italiano e in inglese sar\u00e0 curato da Mauro Melandri, gi\u00e0 voce italiana dell\u2019America\u2019s Cup e della tappa Extreme Sailing Series disputata a Trapani nel 2010, con la collaborazione di Giulio Desiderato del team North Sails One Design. La diretta &#8211; visibile a questo <span style=\"color: #3366ff;\"><strong><a href=\"https:\/\/livestream.com\/zerogradinord\/Melges32Worlds2015\"><span style=\"color: #3366ff;\">link<\/span><\/a><\/strong><\/span>\u00a0e rilanciata tramite il maxi schermo presente presso il Villaggio Hospitality &#8211; inizier\u00e0 gi\u00e0 di prima mattina, con i commenti pre-regata dei protagonisti; ogni singola clip sar\u00e0 immediatamente disponibile per la visione on demand.<\/p>\n<p><span style=\"color: #3366ff;\"><strong><a href=\"http:\/\/melges32.com\/raceready\/2015\/im32ca_am32ss-5_cleared.htm\"><span style=\"color: #3366ff;\">Crew list<\/span><\/a><\/strong><\/span><br \/>\n<span style=\"color: #3366ff;\"><strong><a href=\"http:\/\/www.yachtscoring.com\/emenu.cfm?eID=1498\"><span style=\"color: #3366ff;\">Info e classifiche<\/span><\/a><\/strong><\/span><\/p>\n","protected":false},"excerpt":{"rendered":"<p>Audi tron Sailing Series &ndash; Melges 32 World Championship<\/p>\n","protected":false},"author":2,"featured_media":529,"comment_status":"open","ping_status":"open","sticky":false,"template":"","format":"standard","meta":{"footnotes":""},"categories":[15,1],"tags":[],"anno_documento":[71],"class_list":["post-528","post","type-post","status-publish","format-standard","has-post-thumbnail","hentry","category-news-eventi","category-senza-categoria","anno_documento-71"],"yoast_head":"<!-- This site is optimized with the Yoast SEO plugin v26.1.1 - https:\/\/yoast.com\/wordpress\/plugins\/seo\/ -->\n<title>VitaminA al Melges 32 World Championship: a Trapani c\u2019\u00e8 il mondo in palio - pharmanutra.it<\/title>\n<meta name=\"robots\" content=\"index, follow, max-snippet:-1, max-image-preview:large, max-video-preview:-1\" \/>\n<link rel=\"canonical\" href=\"https:\/\/www.pharmanutra.it\/it\/vitamina-al-melges-32-world-championship-a-trapani-c-e-il-mondo-in-pali\/\" \/>\n<meta property=\"og:locale\" content=\"it_IT\" \/>\n<meta property=\"og:type\" content=\"article\" \/>\n<meta property=\"og:title\" content=\"VitaminA al Melges 32 World Championship: a Trapani c\u2019\u00e8 il mondo in palio - pharmanutra.it\" \/>\n<meta property=\"og:description\" content=\"Audi tron Sailing Series &ndash; Melges 32 World Championship\" \/>\n<meta property=\"og:url\" content=\"https:\/\/www.pharmanutra.it\/it\/vitamina-al-melges-32-world-championship-a-trapani-c-e-il-mondo-in-pali\/\" \/>\n<meta property=\"og:site_name\" content=\"pharmanutra.it\" \/>\n<meta property=\"article:published_time\" content=\"2015-08-25T05:37:35+00:00\" \/>\n<meta property=\"og:image\" content=\"https:\/\/www.pharmanutra.it\/wp-content\/uploads\/2015\/08\/vitamina.png\" \/>\n\t<meta property=\"og:image:width\" content=\"945\" \/>\n\t<meta property=\"og:image:height\" content=\"423\" \/>\n\t<meta property=\"og:image:type\" content=\"image\/png\" \/>\n<meta name=\"author\" content=\"m.montagnani\" \/>\n<meta name=\"twitter:card\" content=\"summary_large_image\" \/>\n<meta name=\"twitter:label1\" content=\"Scritto da\" \/>\n\t<meta name=\"twitter:data1\" content=\"m.montagnani\" \/>\n\t<meta name=\"twitter:label2\" content=\"Tempo di lettura stimato\" \/>\n\t<meta name=\"twitter:data2\" content=\"2 minuti\" \/>\n<script type=\"application\/ld+json\" class=\"yoast-schema-graph\">{\"@context\":\"https:\/\/schema.org\",\"@graph\":[{\"@type\":\"Article\",\"@id\":\"https:\/\/www.pharmanutra.it\/it\/vitamina-al-melges-32-world-championship-a-trapani-c-e-il-mondo-in-pali\/#article\",\"isPartOf\":{\"@id\":\"https:\/\/www.pharmanutra.it\/it\/vitamina-al-melges-32-world-championship-a-trapani-c-e-il-mondo-in-pali\/\"},\"author\":{\"name\":\"m.montagnani\",\"@id\":\"https:\/\/www.pharmanutra.it\/it\/#\/schema\/person\/1b5e914c93946e660289a6ff8612e2cf\"},\"headline\":\"VitaminA al Melges 32 World Championship: a Trapani c\u2019\u00e8 il mondo in palio\",\"datePublished\":\"2015-08-25T05:37:35+00:00\",\"mainEntityOfPage\":{\"@id\":\"https:\/\/www.pharmanutra.it\/it\/vitamina-al-melges-32-world-championship-a-trapani-c-e-il-mondo-in-pali\/\"},\"wordCount\":318,\"commentCount\":0,\"publisher\":{\"@id\":\"https:\/\/www.pharmanutra.it\/it\/#organization\"},\"image\":{\"@id\":\"https:\/\/www.pharmanutra.it\/it\/vitamina-al-melges-32-world-championship-a-trapani-c-e-il-mondo-in-pali\/#primaryimage\"},\"thumbnailUrl\":\"https:\/\/www.pharmanutra.it\/wp-content\/uploads\/2015\/08\/vitamina.png\",\"articleSection\":[\"News &amp; Eventi\"],\"inLanguage\":\"it-IT\",\"potentialAction\":[{\"@type\":\"CommentAction\",\"name\":\"Comment\",\"target\":[\"https:\/\/www.pharmanutra.it\/it\/vitamina-al-melges-32-world-championship-a-trapani-c-e-il-mondo-in-pali\/#respond\"]}]},{\"@type\":\"WebPage\",\"@id\":\"https:\/\/www.pharmanutra.it\/it\/vitamina-al-melges-32-world-championship-a-trapani-c-e-il-mondo-in-pali\/\",\"url\":\"https:\/\/www.pharmanutra.it\/it\/vitamina-al-melges-32-world-championship-a-trapani-c-e-il-mondo-in-pali\/\",\"name\":\"VitaminA al Melges 32 World Championship: a Trapani c\u2019\u00e8 il mondo in palio - pharmanutra.it\",\"isPartOf\":{\"@id\":\"https:\/\/www.pharmanutra.it\/it\/#website\"},\"primaryImageOfPage\":{\"@id\":\"https:\/\/www.pharmanutra.it\/it\/vitamina-al-melges-32-world-championship-a-trapani-c-e-il-mondo-in-pali\/#primaryimage\"},\"image\":{\"@id\":\"https:\/\/www.pharmanutra.it\/it\/vitamina-al-melges-32-world-championship-a-trapani-c-e-il-mondo-in-pali\/#primaryimage\"},\"thumbnailUrl\":\"https:\/\/www.pharmanutra.it\/wp-content\/uploads\/2015\/08\/vitamina.png\",\"datePublished\":\"2015-08-25T05:37:35+00:00\",\"breadcrumb\":{\"@id\":\"https:\/\/www.pharmanutra.it\/it\/vitamina-al-melges-32-world-championship-a-trapani-c-e-il-mondo-in-pali\/#breadcrumb\"},\"inLanguage\":\"it-IT\",\"potentialAction\":[{\"@type\":\"ReadAction\",\"target\":[\"https:\/\/www.pharmanutra.it\/it\/vitamina-al-melges-32-world-championship-a-trapani-c-e-il-mondo-in-pali\/\"]}]},{\"@type\":\"ImageObject\",\"inLanguage\":\"it-IT\",\"@id\":\"https:\/\/www.pharmanutra.it\/it\/vitamina-al-melges-32-world-championship-a-trapani-c-e-il-mondo-in-pali\/#primaryimage\",\"url\":\"https:\/\/www.pharmanutra.it\/wp-content\/uploads\/2015\/08\/vitamina.png\",\"contentUrl\":\"https:\/\/www.pharmanutra.it\/wp-content\/uploads\/2015\/08\/vitamina.png\",\"width\":945,\"height\":423},{\"@type\":\"BreadcrumbList\",\"@id\":\"https:\/\/www.pharmanutra.it\/it\/vitamina-al-melges-32-world-championship-a-trapani-c-e-il-mondo-in-pali\/#breadcrumb\",\"itemListElement\":[{\"@type\":\"ListItem\",\"position\":1,\"name\":\"Home\",\"item\":\"https:\/\/www.pharmanutra.it\/it\/\"},{\"@type\":\"ListItem\",\"position\":2,\"name\":\"VitaminA al Melges 32 World Championship: a Trapani c\u2019\u00e8 il mondo in palio\"}]},{\"@type\":\"WebSite\",\"@id\":\"https:\/\/www.pharmanutra.it\/it\/#website\",\"url\":\"https:\/\/www.pharmanutra.it\/it\/\",\"name\":\"pharmanutra.it\",\"description\":\"\",\"publisher\":{\"@id\":\"https:\/\/www.pharmanutra.it\/it\/#organization\"},\"potentialAction\":[{\"@type\":\"SearchAction\",\"target\":{\"@type\":\"EntryPoint\",\"urlTemplate\":\"https:\/\/www.pharmanutra.it\/it\/?s={search_term_string}\"},\"query-input\":{\"@type\":\"PropertyValueSpecification\",\"valueRequired\":true,\"valueName\":\"search_term_string\"}}],\"inLanguage\":\"it-IT\"},{\"@type\":\"Organization\",\"@id\":\"https:\/\/www.pharmanutra.it\/it\/#organization\",\"name\":\"pharmanutra.it\",\"url\":\"https:\/\/www.pharmanutra.it\/it\/\",\"logo\":{\"@type\":\"ImageObject\",\"inLanguage\":\"it-IT\",\"@id\":\"https:\/\/www.pharmanutra.it\/it\/#\/schema\/logo\/image\/\",\"url\":\"https:\/\/www.pharmanutra.it\/wp-content\/uploads\/2025\/09\/PHN_LOGO2020color.png\",\"contentUrl\":\"https:\/\/www.pharmanutra.it\/wp-content\/uploads\/2025\/09\/PHN_LOGO2020color.png\",\"width\":1856,\"height\":210,\"caption\":\"pharmanutra.it\"},\"image\":{\"@id\":\"https:\/\/www.pharmanutra.it\/it\/#\/schema\/logo\/image\/\"}},{\"@type\":\"Person\",\"@id\":\"https:\/\/www.pharmanutra.it\/it\/#\/schema\/person\/1b5e914c93946e660289a6ff8612e2cf\",\"name\":\"m.montagnani\",\"image\":{\"@type\":\"ImageObject\",\"inLanguage\":\"it-IT\",\"@id\":\"https:\/\/www.pharmanutra.it\/it\/#\/schema\/person\/image\/\",\"url\":\"https:\/\/secure.gravatar.com\/avatar\/c1920c0aa85fa094f7614557e0f41c242c5d2632544ee5e7c41d3b8f10570f68?s=96&d=mm&r=g\",\"contentUrl\":\"https:\/\/secure.gravatar.com\/avatar\/c1920c0aa85fa094f7614557e0f41c242c5d2632544ee5e7c41d3b8f10570f68?s=96&d=mm&r=g\",\"caption\":\"m.montagnani\"},\"url\":\"https:\/\/www.pharmanutra.it\/it\/author\/m-montagnani\/\"}]}<\/script>\n<!-- \/ Yoast SEO plugin. -->","yoast_head_json":{"title":"VitaminA al Melges 32 World Championship: a Trapani c\u2019\u00e8 il mondo in palio - pharmanutra.it","robots":{"index":"index","follow":"follow","max-snippet":"max-snippet:-1","max-image-preview":"max-image-preview:large","max-video-preview":"max-video-preview:-1"},"canonical":"https:\/\/www.pharmanutra.it\/it\/vitamina-al-melges-32-world-championship-a-trapani-c-e-il-mondo-in-pali\/","og_locale":"it_IT","og_type":"article","og_title":"VitaminA al Melges 32 World Championship: a Trapani c\u2019\u00e8 il mondo in palio - pharmanutra.it","og_description":"Audi tron Sailing Series &ndash; Melges 32 World Championship","og_url":"https:\/\/www.pharmanutra.it\/it\/vitamina-al-melges-32-world-championship-a-trapani-c-e-il-mondo-in-pali\/","og_site_name":"pharmanutra.it","article_published_time":"2015-08-25T05:37:35+00:00","og_image":[{"width":945,"height":423,"url":"https:\/\/www.pharmanutra.it\/wp-content\/uploads\/2015\/08\/vitamina.png","type":"image\/png"}],"author":"m.montagnani","twitter_card":"summary_large_image","twitter_misc":{"Scritto da":"m.montagnani","Tempo di lettura stimato":"2 minuti"},"schema":{"@context":"https:\/\/schema.org","@graph":[{"@type":"Article","@id":"https:\/\/www.pharmanutra.it\/it\/vitamina-al-melges-32-world-championship-a-trapani-c-e-il-mondo-in-pali\/#article","isPartOf":{"@id":"https:\/\/www.pharmanutra.it\/it\/vitamina-al-melges-32-world-championship-a-trapani-c-e-il-mondo-in-pali\/"},"author":{"name":"m.montagnani","@id":"https:\/\/www.pharmanutra.it\/it\/#\/schema\/person\/1b5e914c93946e660289a6ff8612e2cf"},"headline":"VitaminA al Melges 32 World Championship: a Trapani c\u2019\u00e8 il mondo in palio","datePublished":"2015-08-25T05:37:35+00:00","mainEntityOfPage":{"@id":"https:\/\/www.pharmanutra.it\/it\/vitamina-al-melges-32-world-championship-a-trapani-c-e-il-mondo-in-pali\/"},"wordCount":318,"commentCount":0,"publisher":{"@id":"https:\/\/www.pharmanutra.it\/it\/#organization"},"image":{"@id":"https:\/\/www.pharmanutra.it\/it\/vitamina-al-melges-32-world-championship-a-trapani-c-e-il-mondo-in-pali\/#primaryimage"},"thumbnailUrl":"https:\/\/www.pharmanutra.it\/wp-content\/uploads\/2015\/08\/vitamina.png","articleSection":["News &amp; Eventi"],"inLanguage":"it-IT","potentialAction":[{"@type":"CommentAction","name":"Comment","target":["https:\/\/www.pharmanutra.it\/it\/vitamina-al-melges-32-world-championship-a-trapani-c-e-il-mondo-in-pali\/#respond"]}]},{"@type":"WebPage","@id":"https:\/\/www.pharmanutra.it\/it\/vitamina-al-melges-32-world-championship-a-trapani-c-e-il-mondo-in-pali\/","url":"https:\/\/www.pharmanutra.it\/it\/vitamina-al-melges-32-world-championship-a-trapani-c-e-il-mondo-in-pali\/","name":"VitaminA al Melges 32 World Championship: a Trapani c\u2019\u00e8 il mondo in palio - pharmanutra.it","isPartOf":{"@id":"https:\/\/www.pharmanutra.it\/it\/#website"},"primaryImageOfPage":{"@id":"https:\/\/www.pharmanutra.it\/it\/vitamina-al-melges-32-world-championship-a-trapani-c-e-il-mondo-in-pali\/#primaryimage"},"image":{"@id":"https:\/\/www.pharmanutra.it\/it\/vitamina-al-melges-32-world-championship-a-trapani-c-e-il-mondo-in-pali\/#primaryimage"},"thumbnailUrl":"https:\/\/www.pharmanutra.it\/wp-content\/uploads\/2015\/08\/vitamina.png","datePublished":"2015-08-25T05:37:35+00:00","breadcrumb":{"@id":"https:\/\/www.pharmanutra.it\/it\/vitamina-al-melges-32-world-championship-a-trapani-c-e-il-mondo-in-pali\/#breadcrumb"},"inLanguage":"it-IT","potentialAction":[{"@type":"ReadAction","target":["https:\/\/www.pharmanutra.it\/it\/vitamina-al-melges-32-world-championship-a-trapani-c-e-il-mondo-in-pali\/"]}]},{"@type":"ImageObject","inLanguage":"it-IT","@id":"https:\/\/www.pharmanutra.it\/it\/vitamina-al-melges-32-world-championship-a-trapani-c-e-il-mondo-in-pali\/#primaryimage","url":"https:\/\/www.pharmanutra.it\/wp-content\/uploads\/2015\/08\/vitamina.png","contentUrl":"https:\/\/www.pharmanutra.it\/wp-content\/uploads\/2015\/08\/vitamina.png","width":945,"height":423},{"@type":"BreadcrumbList","@id":"https:\/\/www.pharmanutra.it\/it\/vitamina-al-melges-32-world-championship-a-trapani-c-e-il-mondo-in-pali\/#breadcrumb","itemListElement":[{"@type":"ListItem","position":1,"name":"Home","item":"https:\/\/www.pharmanutra.it\/it\/"},{"@type":"ListItem","position":2,"name":"VitaminA al Melges 32 World Championship: a Trapani c\u2019\u00e8 il mondo in palio"}]},{"@type":"WebSite","@id":"https:\/\/www.pharmanutra.it\/it\/#website","url":"https:\/\/www.pharmanutra.it\/it\/","name":"pharmanutra.it","description":"","publisher":{"@id":"https:\/\/www.pharmanutra.it\/it\/#organization"},"potentialAction":[{"@type":"SearchAction","target":{"@type":"EntryPoint","urlTemplate":"https:\/\/www.pharmanutra.it\/it\/?s={search_term_string}"},"query-input":{"@type":"PropertyValueSpecification","valueRequired":true,"valueName":"search_term_string"}}],"inLanguage":"it-IT"},{"@type":"Organization","@id":"https:\/\/www.pharmanutra.it\/it\/#organization","name":"pharmanutra.it","url":"https:\/\/www.pharmanutra.it\/it\/","logo":{"@type":"ImageObject","inLanguage":"it-IT","@id":"https:\/\/www.pharmanutra.it\/it\/#\/schema\/logo\/image\/","url":"https:\/\/www.pharmanutra.it\/wp-content\/uploads\/2025\/09\/PHN_LOGO2020color.png","contentUrl":"https:\/\/www.pharmanutra.it\/wp-content\/uploads\/2025\/09\/PHN_LOGO2020color.png","width":1856,"height":210,"caption":"pharmanutra.it"},"image":{"@id":"https:\/\/www.pharmanutra.it\/it\/#\/schema\/logo\/image\/"}},{"@type":"Person","@id":"https:\/\/www.pharmanutra.it\/it\/#\/schema\/person\/1b5e914c93946e660289a6ff8612e2cf","name":"m.montagnani","image":{"@type":"ImageObject","inLanguage":"it-IT","@id":"https:\/\/www.pharmanutra.it\/it\/#\/schema\/person\/image\/","url":"https:\/\/secure.gravatar.com\/avatar\/c1920c0aa85fa094f7614557e0f41c242c5d2632544ee5e7c41d3b8f10570f68?s=96&d=mm&r=g","contentUrl":"https:\/\/secure.gravatar.com\/avatar\/c1920c0aa85fa094f7614557e0f41c242c5d2632544ee5e7c41d3b8f10570f68?s=96&d=mm&r=g","caption":"m.montagnani"},"url":"https:\/\/www.pharmanutra.it\/it\/author\/m-montagnani\/"}]}},"meta_box":[],"_links":{"self":[{"href":"https:\/\/www.pharmanutra.it\/it\/wp-json\/wp\/v2\/posts\/528","targetHints":{"allow":["GET"]}}],"collection":[{"href":"https:\/\/www.pharmanutra.it\/it\/wp-json\/wp\/v2\/posts"}],"about":[{"href":"https:\/\/www.pharmanutra.it\/it\/wp-json\/wp\/v2\/types\/post"}],"author":[{"embeddable":true,"href":"https:\/\/www.pharmanutra.it\/it\/wp-json\/wp\/v2\/users\/2"}],"replies":[{"embeddable":true,"href":"https:\/\/www.pharmanutra.it\/it\/wp-json\/wp\/v2\/comments?post=528"}],"version-history":[{"count":0,"href":"https:\/\/www.pharmanutra.it\/it\/wp-json\/wp\/v2\/posts\/528\/revisions"}],"wp:featuredmedia":[{"embeddable":true,"href":"https:\/\/www.pharmanutra.it\/it\/wp-json\/wp\/v2\/media\/529"}],"wp:attachment":[{"href":"https:\/\/www.pharmanutra.it\/it\/wp-json\/wp\/v2\/media?parent=528"}],"wp:term":[{"taxonomy":"category","embeddable":true,"href":"https:\/\/www.pharmanutra.it\/it\/wp-json\/wp\/v2\/categories?post=528"},{"taxonomy":"post_tag","embeddable":true,"href":"https:\/\/www.pharmanutra.it\/it\/wp-json\/wp\/v2\/tags?post=528"},{"taxonomy":"anno_documento","embeddable":true,"href":"https:\/\/www.pharmanutra.it\/it\/wp-json\/wp\/v2\/anno_documento?post=528"}],"curies":[{"name":"wp","href":"https:\/\/api.w.org\/{rel}","templated":true}]}}