{"id":5742,"date":"2022-04-20T15:45:41","date_gmt":"2022-04-20T13:45:41","guid":{"rendered":"https:\/\/www.pharmanutra.it\/it\/?p=5742"},"modified":"2022-04-20T15:45:41","modified_gmt":"2022-04-20T13:45:41","slug":"carenza-di-ferro-nelle-donne","status":"publish","type":"post","link":"https:\/\/www.pharmanutra.it\/it\/carenza-di-ferro-nelle-donne\/","title":{"rendered":"Carenza di ferro, un disturbo sempre pi\u00f9 femminile?"},"content":{"rendered":"<p>Mal di testa frequenti, stanchezza, colorito pallido o spento sono i segnali tipici della carenza di ferro, un disturbo particolarmente diffuso tra le donne in et\u00e0 fertile. Nonostante una dieta sana e bilanciata, \u00e8 importante tenere periodicamente sotto controllo i livelli di ferro, attraverso delle semplici analisi del sangue, soprattutto in quei momenti in cui il fabbisogno dell\u2019organismo aumenta.<\/p>\n<p>Le <strong>cause della carenza di ferro<\/strong> (in termini scientifici si parla di <em>sideropenia<\/em>) nell&#8217;organismo possono essere <strong>di natura patologica<\/strong>, quindi correlate a specifiche malattie, <strong>o di natura fisiologica<\/strong>, in seguito a determinate condizioni che comportano un maggior consumo di ferro da parte dell\u2019organismo, oppure in seguito a comportamenti alimentari che ne causano un ridotto introito. La sideropenia \u00e8 un campanello d\u2019allarme da non sottovalutare perch\u00e9, se non corretta, porta all\u2019instaurarsi di una condizione clinicamente rilevante nota come <a href=\"https:\/\/www.pharmanutra.it\/it\/carenza-di-ferro-quando-diventa-anemia\/\" target=\"_blank\" rel=\"noopener noreferrer\">anemia sideropenica<\/a>.<\/p>\n<h2>Perch\u00e9 le donne sono pi\u00f9 soggette a sviluppare una carenza di ferro?<\/h2>\n<p>Rispetto agli uomini, <strong>le donne sono pi\u00f9 inclini a sviluppare una carenza di ferro<\/strong>, in particolare durante l&#8217;et\u00e0 fertile, per diverse ragioni, come ad esempio il <strong>ciclo mestruale<\/strong> pi\u00f9 abbondante (<em>ipermenorrea<\/em>) e l\u2019aumentato fabbisogno durante <strong>la gravidanza<\/strong>. Questo non significa tuttavia che gli uomini siano \u201cimmuni\u201d da questa problematica, infatti, possono sviluppare una condizione di sideropenia, legata soprattutto allo sviluppo nell\u2019et\u00e0 adolescenziale.<\/p>\n<p>In generale, si stima che il 25% della popolazione mondiale soffra di anemia, problematica diffusa soprattutto tra i bambini e le donne in gravidanza. Nei Paesi maggiormente sviluppati l&#8217;incidenza dell\u2019anemia sideropenica \u00e8 del 3% tra gli uomini adulti e del 20% tra le donne, mentre sale addirittura al 50% tra le donne in stato di gravidanza, che, come vedremo in questo articolo, subiscono un importante aumento del fabbisogno quotidiano di ferro durante i 9 mesi di gestazione.<\/p>\n<h2>Quando le donne sono a rischio di una carenza di ferro?<\/h2>\n<p><a href=\"https:\/\/www.pharmanutra.it\/it\/integratori-e-gravidanza-i-micro-e-macronutrienti-fondamentali\/\">In gravidanza vitamine e minerali sono essenziali<\/a>. Durante la gestazione, <strong>il fabbisogno di ferro aumenta<\/strong> in modo considerevole, soprattutto nell\u2019ultimo trimestre, perch\u00e9 deve soddisfare non solo l\u2019organismo della futura mamma, ma anche lo sviluppo del feto. Il ferro, infatti, oltre che a promuovere la produzione di nuovi globuli rossi, \u00e8 fondamentale al nascituro per garantire un adeguato peso alla nascita e favorire lo sviluppo cognitivo.<\/p>\n<p>Una dieta varia e bilanciata \u00e8 alla base del corretto apporto quotidiano di ferro, tuttavia in alcuni casi, l\u2019alimentazione non \u00e8 sufficiente a mantenere i normali livelli di ferro nell\u2019organismo; dunque, la supplementazione con <a href=\"https:\/\/www.sideral.it\/\">integratori specifici a base di ferro<\/a> durante il periodo della gravidanza \u00e8 fortemente raccomandata.<\/p>\n<p>Nelle <strong>donne in et\u00e0 fertile<\/strong>, spesso si riscontra una carenza di ferro dovuta ad un <strong>ciclo mestruale abbondante<\/strong> (ipermenorrea), che comporta una perdita di sangue consistente, in alcuni casi superiore a 35 mL per ciclo. Il risultato di questa condizione \u00e8 <strong>un\u2019elevata perdita di ferro<\/strong>, che, di conseguenza, bisogna reintegrare attraverso la dieta. Tuttavia, ricordiamoci che solo il 5% del ferro contenuto negli alimenti vegetali viene assorbito, mentre la percentuale pu\u00f2 aumentare fino al 20% negli alimenti carnei. Pertanto, nei casi in cui una corretta alimentazione non sia sufficiente ad integrare le perdite di minerale e a correggere lo stato di sideropenia, sarebbe opportuno utilizzare integratori alimentari a base di ferro.<\/p>\n<h2>A che et\u00e0 si sviluppa la carenza di ferro e quando \u00e8 opportuno fare un controllo?<\/h2>\n<p>Tenere sotto controllo <strong>i valori del ferro nel sangue<\/strong> \u00e8 molto importante a tutte le et\u00e0, anche per chi non soffre di anemie o carenze di ferro.<\/p>\n<p>Il ferro non circola mai nel sangue in forma libera, ma deve essere legato a proteine che ne impediscono il legame con altre molecole. Il ferro libero, infatti, \u00e8 altamente reattivo e potrebbe reagire con altre sostanze provocando danni all\u2019organismo. Le proteine alle quali si legano le molecole di ferro hanno la funzione di depositarlo o di trasportarlo, evitando cos\u00ec che diventi \u201cpericoloso\u201d per la nostra salute.<\/p>\n<p>Per controllare i livelli di ferro nel sangue vengono analizzati i seguenti valori attraverso delle semplici analisi del sangue:<\/p>\n<ul>\n<li>la <strong>transferrinemia<\/strong>, che misura la quantit\u00e0 di transferrina, la proteina che trasporta il ferro agli organi e ai tessuti dove si verifica l\u2019eritropoiesi, ovvero la sintesi dei globuli rossi;<\/li>\n<li>la <strong>sideremia<\/strong><em>,<\/em> che misura la quantit\u00e0 di ferro circolante legata alla transferrina;<\/li>\n<li>la <strong>saturazione della transferrina<\/strong>, negli adulti la situazione ottimale si ha quando la saturazione della transferrina \u00e8 compresa tra il 20 e il 50%.<\/li>\n<li>la <strong>ferritinemia<\/strong><em>,<\/em> che misura la quantit\u00e0 di ferritina, proteina di deposito del ferro a livello epatico, muscolare e del midollo osseo.<\/li>\n<\/ul>\n<p>Inoltre, la valutazione dello stato da carenza di ferro prosegue con l\u2019analisi di altri due parametri ematochimici: l\u2019<em>emoglobina<\/em> e l\u2019<em>ematocrito<\/em>.<\/p>\n<p>Grazie al legame con <strong>l\u2019emoglobina<\/strong>, il ferro riesce a trasportare l\u2019ossigeno ai tessuti e ai distretti preposti per il suo utilizzo. Per questo \u00e8 importante che i valori di questa proteina rientrino in un range specifico:<\/p>\n<table>\n<tbody>\n<tr>\n<td style=\"width: 170.49px;\"><strong>\u00a0<\/strong><\/td>\n<td style=\"width: 195.781px;\">\n<p style=\"text-align: center;\"><strong>Valori emoglobina (Hb)<\/strong><\/p>\n<\/td>\n<\/tr>\n<tr>\n<td style=\"width: 170.49px;\"><strong>Uomo<\/strong><\/td>\n<td style=\"text-align: center; width: 195.781px;\">14\u201318 g\/dL<\/td>\n<\/tr>\n<tr>\n<td style=\"width: 170.49px;\"><strong>Donna<\/strong><\/td>\n<td style=\"text-align: center; width: 195.781px;\">12\u201316 g\/dL<\/td>\n<\/tr>\n<tr>\n<td style=\"width: 170.49px;\"><strong>Donne in gravidanza<\/strong><\/td>\n<td style=\"text-align: center; width: 195.781px;\">11\u201314 g\/dL<\/td>\n<\/tr>\n<\/tbody>\n<\/table>\n<p>Quando il livello di emoglobina \u00e8 basso, quindi inferiore rispetto ai valori riportati nella tabella, viene stabilita la diagnosi di anemia sideropenica.<\/p>\n<p><strong>L\u2019ematocrito<\/strong>, invece, \u00e8 un tipo di analisi che va a rappresentare il volume di sangue (espresso in percentuale) occupato dai globuli rossi.<\/p>\n<p>Tutti questi esami di laboratorio vengono solitamente eseguiti quando si sospetta un\u2019anemia sideropenica, oppure quando \u00e8 presente una condizione di <a href=\"https:\/\/www.pharmanutra.it\/it\/astenia-significato-possibili-cause-e-rimedi\/\" target=\"_blank\" rel=\"noopener noreferrer\">astenia e malessere generale<\/a>, caratterizzata dai tipici sintomi della carenza di ferro. Indipendentemente dall\u2019et\u00e0, i sintomi pi\u00f9 frequenti sono:<\/p>\n<ol>\n<li>Pallore;<\/li>\n<li>Debolezza;<\/li>\n<li>Irritabilit\u00e0;<\/li>\n<li>Capogiri e mal di testa;<\/li>\n<li>Affaticamento;<\/li>\n<li>Piedi e mani freddi e informicoliti;<\/li>\n<li>Accelerazione del battito cardiaco (tachicardia).<\/li>\n<\/ol>\n<h2>Perch\u00e9 assumere ferro in gravidanza?<\/h2>\n<p>Come gi\u00e0 accennato sopra, la gravidanza comporta un aumento del fabbisogno di ferro e, senza il giusto supporto alimentare, aumenta anche la probabilit\u00e0 che si verifichi una carenza di questo nutriente essenziale.<\/p>\n<p>Gli <strong>alimenti ricchi di ferro<\/strong> come la carne rossa (come cavallo o bovino), il fegato, la milza, le verdure a foglia verde, i legumi, i cereali integrali e il pesce azzurro, possono essere utili, ma in alcuni casi \u00e8 necessario <strong>supportare la dieta con integratori alimentari<\/strong> in grado di colmare l\u2019aumentato fabbisogno organico di ferro tipico della gravidanza.<\/p>\n<p>Gli integratori di ferro adatti in gravidanza generalmente contengono anche altri nutrienti che supportano il corretto sviluppo del feto e favoriscono la normale eritropoiesi (formazione dei globuli rossi) nella mamma e nel nascituro. Tra i nutrienti pi\u00f9 importanti:<\/p>\n<ul>\n<li><em>acido folico e folati<\/em>, che favoriscono la crescita tissutale materna durante la gravidanza e riducono il rischio di sviluppo di difetti del tubo neurale nel feto;<\/li>\n<li><em>vitamina B6<\/em>, che favorisce la proliferazione di globuli bianchi e rossi;<\/li>\n<li><em>vitamina B12<\/em>, che favorisce la formazione di nuovi globuli rossi;<\/li>\n<li><em>vitamina C<\/em>, che favorisce l\u2019assorbimento del ferro nell\u2019intestino,<\/li>\n<li><em>vitamina D<\/em>, che supporta il normale sviluppo osseo.<\/li>\n<\/ul>\n<p>In altre parole, gli <strong>integratori di ferro in gravidanza<\/strong> non permettono soltanto di mantenere i normali livelli di ferro nell\u2019organismo della mamma e del bambino, ma forniscono un supporto completo per la crescita e il corretto sviluppo fisico e cognitivo del nascituro.<\/p>\n<p><a href=\"https:\/\/www.pharmanutra.it\/it\/brand\/pharmanutra\/sideral-folico\/\" target=\"_blank\" rel=\"noopener noreferrer\">SiderAL<sup>\u00ae<\/sup> Folico<\/a> \u00e8 un integratore alimentare a base di Ferro Sucrosomiale<sup>\u00ae<\/sup>, vitamina C, vitamina D, vitamina B6, vitamina B12 e acido folico (nella forma attiva Quatrefolic<sup>\u00ae<\/sup>), che pu\u00f2 essere indicato dal medico fin dal primo trimestre di gravidanza per colmare eventuali carenze e supportare il fabbisogno quotidiano di questo minerale.<\/p>\n<p>Si consiglia sempre di consultare il proprio medico prima di assumere il prodotto, o comunque prima di iniziare a utilizzare qualsiasi integratore in gravidanza.<\/p>\n<hr \/>\n<p>BIBLIOGRAFIA:<\/p>\n<ul>\n<li>Parisi F., Berti C., Mand\u00f2 C., Martinelli A., Mazzalli C., Cetin I., <em>Effects of different regimens of iron prophylaxis on maternal iron status and pregnancy outcome: a randomized control trial;<\/em>\u00a0J. Matern Fetal Neonatal Med. 2017 Aug;30(15):1787-1792. doi: 10.1080\/14767058.2016.1224841.<\/li>\n<li>Bothwell H., <em>Iron requirements in pregnancy and strategies to meet them;<\/em>\u00a0Am J Clin Nutr. 2000 Jul; doi: 10.1093\/ajcn\/72.1.257S.<\/li>\n<\/ul>\n","protected":false},"excerpt":{"rendered":"<p>Mal di testa frequenti, stanchezza, colorito pallido o spento sono i segnali tipici della carenza di ferro, un disturbo particolarmente diffuso tra le donne in et\u00e0 fertile. Nonostante una dieta sana e bilanciata, \u00e8 importante tenere periodicamente sotto controllo i livelli di ferro, attraverso delle semplici analisi del sangue, soprattutto in quei momenti in cui [&hellip;]<\/p>\n","protected":false},"author":3,"featured_media":5743,"comment_status":"open","ping_status":"open","sticky":false,"template":"","format":"standard","meta":{"footnotes":""},"categories":[3],"tags":[119],"anno_documento":[77],"class_list":["post-5742","post","type-post","status-publish","format-standard","has-post-thumbnail","hentry","category-carenza-di-ferro","tag-ginecologia","anno_documento-77"],"yoast_head":"<!-- This site is optimized with the Yoast SEO plugin v26.1.1 - https:\/\/yoast.com\/wordpress\/plugins\/seo\/ -->\n<title>Carenza di ferro: perch\u00e9 colpisce soprattutto le donne? - PharmaNutra<\/title>\n<meta name=\"description\" content=\"Rispetto agli uomini, le donne sono pi\u00f9 inclini a sviluppare una carenza di ferro durante l&#039;et\u00e0 fertile. Capiamo perch\u00e9 e cosa fare.\" \/>\n<meta name=\"robots\" content=\"index, follow, max-snippet:-1, max-image-preview:large, max-video-preview:-1\" \/>\n<link rel=\"canonical\" href=\"https:\/\/www.pharmanutra.it\/it\/carenza-di-ferro-nelle-donne\/\" \/>\n<meta property=\"og:locale\" content=\"it_IT\" \/>\n<meta property=\"og:type\" content=\"article\" \/>\n<meta property=\"og:title\" content=\"Carenza di ferro: perch\u00e9 colpisce soprattutto le donne? - PharmaNutra\" \/>\n<meta property=\"og:description\" content=\"Rispetto agli uomini, le donne sono pi\u00f9 inclini a sviluppare una carenza di ferro durante l&#039;et\u00e0 fertile. Capiamo perch\u00e9 e cosa fare.\" \/>\n<meta property=\"og:url\" content=\"https:\/\/www.pharmanutra.it\/it\/carenza-di-ferro-nelle-donne\/\" \/>\n<meta property=\"og:site_name\" content=\"pharmanutra.it\" \/>\n<meta property=\"article:published_time\" content=\"2022-04-20T13:45:41+00:00\" \/>\n<meta property=\"og:image\" content=\"https:\/\/www.pharmanutra.it\/wp-content\/uploads\/2022\/04\/PHARMANUTRA-Carenza-di-ferro-nelle-donne.png\" \/>\n\t<meta property=\"og:image:width\" content=\"1200\" \/>\n\t<meta property=\"og:image:height\" content=\"630\" \/>\n\t<meta property=\"og:image:type\" content=\"image\/png\" \/>\n<meta name=\"author\" content=\"Silvia Rigotto\" \/>\n<meta name=\"twitter:card\" content=\"summary_large_image\" \/>\n<meta name=\"twitter:label1\" content=\"Scritto da\" \/>\n\t<meta name=\"twitter:data1\" content=\"Silvia Rigotto\" \/>\n\t<meta name=\"twitter:label2\" content=\"Tempo di lettura stimato\" \/>\n\t<meta name=\"twitter:data2\" content=\"6 minuti\" \/>\n<script type=\"application\/ld+json\" class=\"yoast-schema-graph\">{\"@context\":\"https:\/\/schema.org\",\"@graph\":[{\"@type\":\"Article\",\"@id\":\"https:\/\/www.pharmanutra.it\/it\/carenza-di-ferro-nelle-donne\/#article\",\"isPartOf\":{\"@id\":\"https:\/\/www.pharmanutra.it\/it\/carenza-di-ferro-nelle-donne\/\"},\"author\":{\"name\":\"Silvia Rigotto\",\"@id\":\"https:\/\/www.pharmanutra.it\/it\/#\/schema\/person\/e167594e059fd908b48f144590a46ccd\"},\"headline\":\"Carenza di ferro, un disturbo sempre pi\u00f9 femminile?\",\"datePublished\":\"2022-04-20T13:45:41+00:00\",\"mainEntityOfPage\":{\"@id\":\"https:\/\/www.pharmanutra.it\/it\/carenza-di-ferro-nelle-donne\/\"},\"wordCount\":1291,\"commentCount\":0,\"publisher\":{\"@id\":\"https:\/\/www.pharmanutra.it\/it\/#organization\"},\"image\":{\"@id\":\"https:\/\/www.pharmanutra.it\/it\/carenza-di-ferro-nelle-donne\/#primaryimage\"},\"thumbnailUrl\":\"https:\/\/www.pharmanutra.it\/wp-content\/uploads\/2022\/04\/PHARMANUTRA-Carenza-di-ferro-nelle-donne.png\",\"keywords\":[\"Ginecologia\"],\"articleSection\":[\"Carenza di ferro\"],\"inLanguage\":\"it-IT\",\"potentialAction\":[{\"@type\":\"CommentAction\",\"name\":\"Comment\",\"target\":[\"https:\/\/www.pharmanutra.it\/it\/carenza-di-ferro-nelle-donne\/#respond\"]}]},{\"@type\":\"WebPage\",\"@id\":\"https:\/\/www.pharmanutra.it\/it\/carenza-di-ferro-nelle-donne\/\",\"url\":\"https:\/\/www.pharmanutra.it\/it\/carenza-di-ferro-nelle-donne\/\",\"name\":\"Carenza di ferro: perch\u00e9 colpisce soprattutto le donne? - PharmaNutra\",\"isPartOf\":{\"@id\":\"https:\/\/www.pharmanutra.it\/it\/#website\"},\"primaryImageOfPage\":{\"@id\":\"https:\/\/www.pharmanutra.it\/it\/carenza-di-ferro-nelle-donne\/#primaryimage\"},\"image\":{\"@id\":\"https:\/\/www.pharmanutra.it\/it\/carenza-di-ferro-nelle-donne\/#primaryimage\"},\"thumbnailUrl\":\"https:\/\/www.pharmanutra.it\/wp-content\/uploads\/2022\/04\/PHARMANUTRA-Carenza-di-ferro-nelle-donne.png\",\"datePublished\":\"2022-04-20T13:45:41+00:00\",\"description\":\"Rispetto agli uomini, le donne sono pi\u00f9 inclini a sviluppare una carenza di ferro durante l'et\u00e0 fertile. Capiamo perch\u00e9 e cosa fare.\",\"breadcrumb\":{\"@id\":\"https:\/\/www.pharmanutra.it\/it\/carenza-di-ferro-nelle-donne\/#breadcrumb\"},\"inLanguage\":\"it-IT\",\"potentialAction\":[{\"@type\":\"ReadAction\",\"target\":[\"https:\/\/www.pharmanutra.it\/it\/carenza-di-ferro-nelle-donne\/\"]}]},{\"@type\":\"ImageObject\",\"inLanguage\":\"it-IT\",\"@id\":\"https:\/\/www.pharmanutra.it\/it\/carenza-di-ferro-nelle-donne\/#primaryimage\",\"url\":\"https:\/\/www.pharmanutra.it\/wp-content\/uploads\/2022\/04\/PHARMANUTRA-Carenza-di-ferro-nelle-donne.png\",\"contentUrl\":\"https:\/\/www.pharmanutra.it\/wp-content\/uploads\/2022\/04\/PHARMANUTRA-Carenza-di-ferro-nelle-donne.png\",\"width\":1200,\"height\":630,\"caption\":\"carenza di ferro nelle donne - medico donna con camice e stetoscopio in mano\"},{\"@type\":\"BreadcrumbList\",\"@id\":\"https:\/\/www.pharmanutra.it\/it\/carenza-di-ferro-nelle-donne\/#breadcrumb\",\"itemListElement\":[{\"@type\":\"ListItem\",\"position\":1,\"name\":\"Home\",\"item\":\"https:\/\/www.pharmanutra.it\/it\/\"},{\"@type\":\"ListItem\",\"position\":2,\"name\":\"Carenza di ferro, un disturbo sempre pi\u00f9 femminile?\"}]},{\"@type\":\"WebSite\",\"@id\":\"https:\/\/www.pharmanutra.it\/it\/#website\",\"url\":\"https:\/\/www.pharmanutra.it\/it\/\",\"name\":\"pharmanutra.it\",\"description\":\"\",\"publisher\":{\"@id\":\"https:\/\/www.pharmanutra.it\/it\/#organization\"},\"potentialAction\":[{\"@type\":\"SearchAction\",\"target\":{\"@type\":\"EntryPoint\",\"urlTemplate\":\"https:\/\/www.pharmanutra.it\/it\/?s={search_term_string}\"},\"query-input\":{\"@type\":\"PropertyValueSpecification\",\"valueRequired\":true,\"valueName\":\"search_term_string\"}}],\"inLanguage\":\"it-IT\"},{\"@type\":\"Organization\",\"@id\":\"https:\/\/www.pharmanutra.it\/it\/#organization\",\"name\":\"pharmanutra.it\",\"url\":\"https:\/\/www.pharmanutra.it\/it\/\",\"logo\":{\"@type\":\"ImageObject\",\"inLanguage\":\"it-IT\",\"@id\":\"https:\/\/www.pharmanutra.it\/it\/#\/schema\/logo\/image\/\",\"url\":\"https:\/\/www.pharmanutra.it\/wp-content\/uploads\/2025\/09\/PHN_LOGO2020color.png\",\"contentUrl\":\"https:\/\/www.pharmanutra.it\/wp-content\/uploads\/2025\/09\/PHN_LOGO2020color.png\",\"width\":1856,\"height\":210,\"caption\":\"pharmanutra.it\"},\"image\":{\"@id\":\"https:\/\/www.pharmanutra.it\/it\/#\/schema\/logo\/image\/\"}},{\"@type\":\"Person\",\"@id\":\"https:\/\/www.pharmanutra.it\/it\/#\/schema\/person\/e167594e059fd908b48f144590a46ccd\",\"name\":\"Silvia Rigotto\",\"image\":{\"@type\":\"ImageObject\",\"inLanguage\":\"it-IT\",\"@id\":\"https:\/\/www.pharmanutra.it\/it\/#\/schema\/person\/image\/\",\"url\":\"https:\/\/secure.gravatar.com\/avatar\/74de320c47466acb3ce41afd90e724ba09607692eb64df19e5d1a3518ea9984c?s=96&d=mm&r=g\",\"contentUrl\":\"https:\/\/secure.gravatar.com\/avatar\/74de320c47466acb3ce41afd90e724ba09607692eb64df19e5d1a3518ea9984c?s=96&d=mm&r=g\",\"caption\":\"Silvia Rigotto\"},\"url\":\"https:\/\/www.pharmanutra.it\/it\/author\/s-rigotto\/\"}]}<\/script>\n<!-- \/ Yoast SEO plugin. -->","yoast_head_json":{"title":"Carenza di ferro: perch\u00e9 colpisce soprattutto le donne? - PharmaNutra","description":"Rispetto agli uomini, le donne sono pi\u00f9 inclini a sviluppare una carenza di ferro durante l'et\u00e0 fertile. Capiamo perch\u00e9 e cosa fare.","robots":{"index":"index","follow":"follow","max-snippet":"max-snippet:-1","max-image-preview":"max-image-preview:large","max-video-preview":"max-video-preview:-1"},"canonical":"https:\/\/www.pharmanutra.it\/it\/carenza-di-ferro-nelle-donne\/","og_locale":"it_IT","og_type":"article","og_title":"Carenza di ferro: perch\u00e9 colpisce soprattutto le donne? - PharmaNutra","og_description":"Rispetto agli uomini, le donne sono pi\u00f9 inclini a sviluppare una carenza di ferro durante l'et\u00e0 fertile. Capiamo perch\u00e9 e cosa fare.","og_url":"https:\/\/www.pharmanutra.it\/it\/carenza-di-ferro-nelle-donne\/","og_site_name":"pharmanutra.it","article_published_time":"2022-04-20T13:45:41+00:00","og_image":[{"width":1200,"height":630,"url":"https:\/\/www.pharmanutra.it\/wp-content\/uploads\/2022\/04\/PHARMANUTRA-Carenza-di-ferro-nelle-donne.png","type":"image\/png"}],"author":"Silvia Rigotto","twitter_card":"summary_large_image","twitter_misc":{"Scritto da":"Silvia Rigotto","Tempo di lettura stimato":"6 minuti"},"schema":{"@context":"https:\/\/schema.org","@graph":[{"@type":"Article","@id":"https:\/\/www.pharmanutra.it\/it\/carenza-di-ferro-nelle-donne\/#article","isPartOf":{"@id":"https:\/\/www.pharmanutra.it\/it\/carenza-di-ferro-nelle-donne\/"},"author":{"name":"Silvia Rigotto","@id":"https:\/\/www.pharmanutra.it\/it\/#\/schema\/person\/e167594e059fd908b48f144590a46ccd"},"headline":"Carenza di ferro, un disturbo sempre pi\u00f9 femminile?","datePublished":"2022-04-20T13:45:41+00:00","mainEntityOfPage":{"@id":"https:\/\/www.pharmanutra.it\/it\/carenza-di-ferro-nelle-donne\/"},"wordCount":1291,"commentCount":0,"publisher":{"@id":"https:\/\/www.pharmanutra.it\/it\/#organization"},"image":{"@id":"https:\/\/www.pharmanutra.it\/it\/carenza-di-ferro-nelle-donne\/#primaryimage"},"thumbnailUrl":"https:\/\/www.pharmanutra.it\/wp-content\/uploads\/2022\/04\/PHARMANUTRA-Carenza-di-ferro-nelle-donne.png","keywords":["Ginecologia"],"articleSection":["Carenza di ferro"],"inLanguage":"it-IT","potentialAction":[{"@type":"CommentAction","name":"Comment","target":["https:\/\/www.pharmanutra.it\/it\/carenza-di-ferro-nelle-donne\/#respond"]}]},{"@type":"WebPage","@id":"https:\/\/www.pharmanutra.it\/it\/carenza-di-ferro-nelle-donne\/","url":"https:\/\/www.pharmanutra.it\/it\/carenza-di-ferro-nelle-donne\/","name":"Carenza di ferro: perch\u00e9 colpisce soprattutto le donne? - PharmaNutra","isPartOf":{"@id":"https:\/\/www.pharmanutra.it\/it\/#website"},"primaryImageOfPage":{"@id":"https:\/\/www.pharmanutra.it\/it\/carenza-di-ferro-nelle-donne\/#primaryimage"},"image":{"@id":"https:\/\/www.pharmanutra.it\/it\/carenza-di-ferro-nelle-donne\/#primaryimage"},"thumbnailUrl":"https:\/\/www.pharmanutra.it\/wp-content\/uploads\/2022\/04\/PHARMANUTRA-Carenza-di-ferro-nelle-donne.png","datePublished":"2022-04-20T13:45:41+00:00","description":"Rispetto agli uomini, le donne sono pi\u00f9 inclini a sviluppare una carenza di ferro durante l'et\u00e0 fertile. Capiamo perch\u00e9 e cosa fare.","breadcrumb":{"@id":"https:\/\/www.pharmanutra.it\/it\/carenza-di-ferro-nelle-donne\/#breadcrumb"},"inLanguage":"it-IT","potentialAction":[{"@type":"ReadAction","target":["https:\/\/www.pharmanutra.it\/it\/carenza-di-ferro-nelle-donne\/"]}]},{"@type":"ImageObject","inLanguage":"it-IT","@id":"https:\/\/www.pharmanutra.it\/it\/carenza-di-ferro-nelle-donne\/#primaryimage","url":"https:\/\/www.pharmanutra.it\/wp-content\/uploads\/2022\/04\/PHARMANUTRA-Carenza-di-ferro-nelle-donne.png","contentUrl":"https:\/\/www.pharmanutra.it\/wp-content\/uploads\/2022\/04\/PHARMANUTRA-Carenza-di-ferro-nelle-donne.png","width":1200,"height":630,"caption":"carenza di ferro nelle donne - medico donna con camice e stetoscopio in mano"},{"@type":"BreadcrumbList","@id":"https:\/\/www.pharmanutra.it\/it\/carenza-di-ferro-nelle-donne\/#breadcrumb","itemListElement":[{"@type":"ListItem","position":1,"name":"Home","item":"https:\/\/www.pharmanutra.it\/it\/"},{"@type":"ListItem","position":2,"name":"Carenza di ferro, un disturbo sempre pi\u00f9 femminile?"}]},{"@type":"WebSite","@id":"https:\/\/www.pharmanutra.it\/it\/#website","url":"https:\/\/www.pharmanutra.it\/it\/","name":"pharmanutra.it","description":"","publisher":{"@id":"https:\/\/www.pharmanutra.it\/it\/#organization"},"potentialAction":[{"@type":"SearchAction","target":{"@type":"EntryPoint","urlTemplate":"https:\/\/www.pharmanutra.it\/it\/?s={search_term_string}"},"query-input":{"@type":"PropertyValueSpecification","valueRequired":true,"valueName":"search_term_string"}}],"inLanguage":"it-IT"},{"@type":"Organization","@id":"https:\/\/www.pharmanutra.it\/it\/#organization","name":"pharmanutra.it","url":"https:\/\/www.pharmanutra.it\/it\/","logo":{"@type":"ImageObject","inLanguage":"it-IT","@id":"https:\/\/www.pharmanutra.it\/it\/#\/schema\/logo\/image\/","url":"https:\/\/www.pharmanutra.it\/wp-content\/uploads\/2025\/09\/PHN_LOGO2020color.png","contentUrl":"https:\/\/www.pharmanutra.it\/wp-content\/uploads\/2025\/09\/PHN_LOGO2020color.png","width":1856,"height":210,"caption":"pharmanutra.it"},"image":{"@id":"https:\/\/www.pharmanutra.it\/it\/#\/schema\/logo\/image\/"}},{"@type":"Person","@id":"https:\/\/www.pharmanutra.it\/it\/#\/schema\/person\/e167594e059fd908b48f144590a46ccd","name":"Silvia Rigotto","image":{"@type":"ImageObject","inLanguage":"it-IT","@id":"https:\/\/www.pharmanutra.it\/it\/#\/schema\/person\/image\/","url":"https:\/\/secure.gravatar.com\/avatar\/74de320c47466acb3ce41afd90e724ba09607692eb64df19e5d1a3518ea9984c?s=96&d=mm&r=g","contentUrl":"https:\/\/secure.gravatar.com\/avatar\/74de320c47466acb3ce41afd90e724ba09607692eb64df19e5d1a3518ea9984c?s=96&d=mm&r=g","caption":"Silvia Rigotto"},"url":"https:\/\/www.pharmanutra.it\/it\/author\/s-rigotto\/"}]}},"meta_box":[],"_links":{"self":[{"href":"https:\/\/www.pharmanutra.it\/it\/wp-json\/wp\/v2\/posts\/5742","targetHints":{"allow":["GET"]}}],"collection":[{"href":"https:\/\/www.pharmanutra.it\/it\/wp-json\/wp\/v2\/posts"}],"about":[{"href":"https:\/\/www.pharmanutra.it\/it\/wp-json\/wp\/v2\/types\/post"}],"author":[{"embeddable":true,"href":"https:\/\/www.pharmanutra.it\/it\/wp-json\/wp\/v2\/users\/3"}],"replies":[{"embeddable":true,"href":"https:\/\/www.pharmanutra.it\/it\/wp-json\/wp\/v2\/comments?post=5742"}],"version-history":[{"count":0,"href":"https:\/\/www.pharmanutra.it\/it\/wp-json\/wp\/v2\/posts\/5742\/revisions"}],"wp:featuredmedia":[{"embeddable":true,"href":"https:\/\/www.pharmanutra.it\/it\/wp-json\/wp\/v2\/media\/5743"}],"wp:attachment":[{"href":"https:\/\/www.pharmanutra.it\/it\/wp-json\/wp\/v2\/media?parent=5742"}],"wp:term":[{"taxonomy":"category","embeddable":true,"href":"https:\/\/www.pharmanutra.it\/it\/wp-json\/wp\/v2\/categories?post=5742"},{"taxonomy":"post_tag","embeddable":true,"href":"https:\/\/www.pharmanutra.it\/it\/wp-json\/wp\/v2\/tags?post=5742"},{"taxonomy":"anno_documento","embeddable":true,"href":"https:\/\/www.pharmanutra.it\/it\/wp-json\/wp\/v2\/anno_documento?post=5742"}],"curies":[{"name":"wp","href":"https:\/\/api.w.org\/{rel}","templated":true}]}}