{"id":5799,"date":"2022-05-03T13:31:52","date_gmt":"2022-05-03T11:31:52","guid":{"rendered":"https:\/\/www.pharmanutra.it\/it\/?p=5799"},"modified":"2022-05-03T13:31:52","modified_gmt":"2022-05-03T11:31:52","slug":"sindrome-covid-cronica-gli-effetti-positivi-di-apportal","status":"publish","type":"post","link":"https:\/\/www.pharmanutra.it\/it\/sindrome-covid-cronica-gli-effetti-positivi-di-apportal\/","title":{"rendered":"Sindrome COVID cronica: un nuovo studio mostra gli effetti positivi dell&#8217;utilizzo di ApportAL\u00ae"},"content":{"rendered":"<p>Numerosi studi hanno dimostrato come l&#8217;infezione da Coronavirus possa causare effetti a medio e lungo termine, generalmente noti come <strong>&#8220;sindrome COVID cronica&#8221; o &#8220;Long-COVID&#8221;<\/strong>. \u00a0Uno dei sintomi pi\u00f9 comuni, che pu\u00f2 durare per mesi dopo la fine dell&#8217;infezione, \u00e8 la <strong>stanchezza persistente<\/strong>, nota anche come <em>astenia<\/em>. Questa condizione \u00e8 stata riscontrata in persone di tutte le et\u00e0, sia in quelli che hanno avuto una grave infezione che in quelli che hanno avuto solo una forma lieve dell&#8217;infezione.<\/p>\n<p>Recentemente \u00e8 stata condotta in Italia <strong>un&#8217;indagine su circa 200 pazienti post-Covid affetti da <em>astenia<\/em><\/strong> ai quali \u00e8 stato consigliato di assumere l&#8217;integratore alimentare <strong>ApportAL<sup>\u00ae<\/sup><\/strong> (PharmaNutra S.p.A., Italia), contenente vitamine e minerali che contribuiscono a ridurre la stanchezza, oltre ad amminoacidi e fitoestratti, per 28 giorni consecutivi.<br \/>\nIl grado di affaticamento e la qualit\u00e0 della vita di questi pazienti sono stati misurati tre volte utilizzando questionari specifici: una volta prima di iniziare a prendere il supplemento, dopo 14 e poi dopo 28 giorni di trattamento. Per quantificare il grado di affaticamento, \u00e8 stato utilizzato il questionario FACIT-Fatigue. Questo \u00e8 stato utilizzato in molti studi ed \u00e8 stato scelto in particolare per assegnare un valore oggettivo di <em>astenia<\/em> ai pazienti affetti da stanchezza persistente. Il questionario comprende 13 affermazioni relative a stanchezza, energia, esigenze di sonno durante il giorno e capacit\u00e0 di svolgere le attivit\u00e0 quotidiane. Un altro questionario, ottenuto riadattando la Chalder Fatigue Scale, \u00e8 stato utilizzato anche per comprendere il grado di affaticamento mentale, con domande sulla capacit\u00e0 di concentrazione, memoria e interesse per le attivit\u00e0 eseguite dai soggetti in precedenza (prima dell&#8217;infezione).<\/p>\n<p>L&#8217;indagine, condotta con la collaborazione di numerosi medici di medicina generale in tutta Italia, ha coinvolto sia pazienti giovani che anziani, a prescindere dalla gravit\u00e0 della loro precedente infezione ed eventuali varianti virali; l&#8217;osservazione, infatti, \u00e8 stata rivolta ai soggetti dopo aver superato l&#8217;infezione da Covid-19.<\/p>\n<p>L&#8217;indagine ha stabilito una connessione tra la <strong>riduzione della sensazione di affaticamento persistente<\/strong> e il <strong>miglioramento della qualit\u00e0 della vita<\/strong> in seguito all\u2019assunzione di ApportAL<sup>\u00ae<\/sup>. In particolare, i dati ottenuti indicano che il 90% dei pazienti ha ottenuto un beneficio significativo in 28 giorni a partire dalla data di assunzione di ApportAL<sup>\u00ae<\/sup> (Figura 1).<\/p>\n<p>Le differenze sembrano emergere anche in base al sesso: le donne hanno indicato un affaticamento iniziale &#8220;pi\u00f9 grave&#8221; ma sono migliorate di pi\u00f9 in termini di affaticamento mentale, misurato utilizzando il test Chalder modificato (Figura 2). Questa osservazione sembra essere in linea con i dati gi\u00e0 pubblicati e riportati in letteratura che mostrano che le donne che si sono riprese dall&#8217;infezione da Covid accusavano un grado di affaticamento pi\u00f9 elevato.<\/p>\n<p>Inoltre, un recupero molto rapido \u00e8 stato osservato in pazienti di et\u00e0 superiore ai 60 anni che hanno mostrato miglioramenti gi\u00e0 dopo i primi 14 giorni.<\/p>\n<figure id=\"attachment_5801\" aria-describedby=\"caption-attachment-5801\" style=\"width: 600px\" class=\"wp-caption alignnone\"><img loading=\"lazy\" decoding=\"async\" class=\"wp-image-5801\" src=\"https:\/\/www.pharmanutra.it\/wp-content\/uploads\/2022\/05\/FIGURA-1-A-300x233.png\" alt=\"\" width=\"600\" height=\"465\" srcset=\"https:\/\/www.pharmanutra.it\/wp-content\/uploads\/2022\/05\/FIGURA-1-A-300x233.png 300w, https:\/\/www.pharmanutra.it\/wp-content\/uploads\/2022\/05\/FIGURA-1-A-1024x794.png 1024w, https:\/\/www.pharmanutra.it\/wp-content\/uploads\/2022\/05\/FIGURA-1-A-768x595.png 768w, https:\/\/www.pharmanutra.it\/wp-content\/uploads\/2022\/05\/FIGURA-1-A-1536x1191.png 1536w, https:\/\/www.pharmanutra.it\/wp-content\/uploads\/2022\/05\/FIGURA-1-A.png 1690w\" sizes=\"auto, (max-width: 600px) 100vw, 600px\" \/><figcaption id=\"caption-attachment-5801\" class=\"wp-caption-text\">Figura 1. Percentuale di persone che mostrano miglioramenti nella sensazione di affaticamento e stanchezza 28 giorni dopo l&#8217;assunzione di ApportAL<sup>\u00ae<\/sup>.<\/figcaption><\/figure>\n<p>&nbsp;<\/p>\n<figure id=\"attachment_5802\" aria-describedby=\"caption-attachment-5802\" style=\"width: 600px\" class=\"wp-caption alignnone\"><img loading=\"lazy\" decoding=\"async\" class=\"wp-image-5802\" src=\"https:\/\/www.pharmanutra.it\/wp-content\/uploads\/2022\/05\/FIGURA-2-A-300x181.png\" alt=\"\" width=\"600\" height=\"363\" srcset=\"https:\/\/www.pharmanutra.it\/wp-content\/uploads\/2022\/05\/FIGURA-2-A-300x181.png 300w, https:\/\/www.pharmanutra.it\/wp-content\/uploads\/2022\/05\/FIGURA-2-A-1024x619.png 1024w, https:\/\/www.pharmanutra.it\/wp-content\/uploads\/2022\/05\/FIGURA-2-A-768x464.png 768w, https:\/\/www.pharmanutra.it\/wp-content\/uploads\/2022\/05\/FIGURA-2-A-1536x928.png 1536w, https:\/\/www.pharmanutra.it\/wp-content\/uploads\/2022\/05\/FIGURA-2-A.png 1650w\" sizes=\"auto, (max-width: 600px) 100vw, 600px\" \/><figcaption id=\"caption-attachment-5802\" class=\"wp-caption-text\">Figura 2. Percentuale di persone che mostrano un miglioramento nel questionario di affaticamento mentale dopo 14 e dopo 28 giorni in base al sesso.<\/figcaption><\/figure>\n<p>Come tutti sappiamo, le vitamine e i minerali svolgono un ruolo fondamentale nel contrastare l\u2019affaticamento fisico e mentale cronico. Le <strong>vitamine del gruppo B, la vitamina C, il ferro e il magnesio<\/strong> sono tutti coinvolti nel metabolismo energetico e, se integrati nelle giuste quantit\u00e0, sono in grado di apportare dei benefici per l\u2019organismo in termini di stanchezza fisica e mentale. Inoltre la presenza della <strong>vitamina D<\/strong>, dello <strong>zinco<\/strong> e del <strong>selenio<\/strong> migliora la risposta del sistema immunitario nel recupero dall\u2019infezione da SARS-CoV-2 .<\/p>\n<p>In conclusione, questo studio \u00e8 la dimostrazione che una combinazione di nutrienti pu\u00f2 avere un effetto sinergico positivo sulla diminuzione dell&#8217;affaticamento cronico in soggetti moderatamente affaticati e sul miglioramento della qualit\u00e0 della vita. Questa \u00e8 la prima evidenza per offrire una soluzione per accelerare il recupero dei soggetti con stanchezza cronica post-Covid e sembra essere efficace in quasi tutti i soggetti (90,05%), indipendentemente da sesso, et\u00e0 e gravit\u00e0 della precedente malattia.<\/p>\n<p>La condizione di affaticamento cronico osservata in questi soggetti infetti da SARS-CoV-2 \u00e8 paragonabile ad altre condizioni di affaticamento fisico e mentale cronico riscontrate in soggetti con altre malattie croniche. I risultati ottenuti da questo studio mostrano che l&#8217;integrazione con ApportAL<sup>\u00ae<\/sup> risulta essere una valida opportunit\u00e0 per contrastare l&#8217;affaticamento cronico.<\/p>\n<hr \/>\n<p>BIBLIOGRAFIA<\/p>\n<p>M.S. Rossato; E. Brilli; N. Ferri; G. Giordano; G. Tarantino. <em>Observational study on the benefit of a nutritional supplement, supporting immune function and energy metabolism, on chronic fatigue associated with the SARS-CoV-2 post-infection progress<\/em>.Clin Nutr ESPEN. <strong>2021<\/strong> Dec;46:510-518. doi: 10.1016\/j.clnesp.2021.08.031. Epub 2021 Sep 6.<\/p>\n","protected":false},"excerpt":{"rendered":"<p>Numerosi studi hanno dimostrato come l&#8217;infezione da Coronavirus possa causare effetti a medio e lungo termine, generalmente noti come &#8220;sindrome COVID cronica&#8221; o &#8220;Long-COVID&#8221;. \u00a0Uno dei sintomi pi\u00f9 comuni, che pu\u00f2 durare per mesi dopo la fine dell&#8217;infezione, \u00e8 la stanchezza persistente, nota anche come astenia. Questa condizione \u00e8 stata riscontrata in persone di tutte [&hellip;]<\/p>\n","protected":false},"author":3,"featured_media":5800,"comment_status":"open","ping_status":"open","sticky":false,"template":"","format":"standard","meta":{"footnotes":""},"categories":[99],"tags":[123],"anno_documento":[77],"class_list":["post-5799","post","type-post","status-publish","format-standard","has-post-thumbnail","hentry","category-minerali-e-vitamine","tag-medicina-interna-e-geriatria","anno_documento-77"],"yoast_head":"<!-- This site is optimized with the Yoast SEO plugin v26.1.1 - https:\/\/yoast.com\/wordpress\/plugins\/seo\/ -->\n<title>Sindrome COVID cronica: gli effetti positivi di ApportAL - PharmaNutra<\/title>\n<meta name=\"description\" content=\"I risultati di questo studio mostrano che l&#039;utilizzo di ApportAL pu\u00f2 essere una valida opportunit\u00e0 per contrastare l&#039;affaticamento cronico.\" \/>\n<meta name=\"robots\" content=\"index, follow, max-snippet:-1, max-image-preview:large, max-video-preview:-1\" \/>\n<link rel=\"canonical\" href=\"https:\/\/www.pharmanutra.it\/it\/sindrome-covid-cronica-gli-effetti-positivi-di-apportal\/\" \/>\n<meta property=\"og:locale\" content=\"it_IT\" \/>\n<meta property=\"og:type\" content=\"article\" \/>\n<meta property=\"og:title\" content=\"Sindrome COVID cronica: gli effetti positivi di ApportAL - PharmaNutra\" \/>\n<meta property=\"og:description\" content=\"I risultati di questo studio mostrano che l&#039;utilizzo di ApportAL pu\u00f2 essere una valida opportunit\u00e0 per contrastare l&#039;affaticamento cronico.\" \/>\n<meta property=\"og:url\" content=\"https:\/\/www.pharmanutra.it\/it\/sindrome-covid-cronica-gli-effetti-positivi-di-apportal\/\" \/>\n<meta property=\"og:site_name\" content=\"pharmanutra.it\" \/>\n<meta property=\"article:published_time\" content=\"2022-05-03T11:31:52+00:00\" \/>\n<meta property=\"og:image\" content=\"https:\/\/www.pharmanutra.it\/wp-content\/uploads\/2022\/05\/APPORTAL_SUMMER_1000x667px_01.jpg\" \/>\n\t<meta property=\"og:image:width\" content=\"1000\" \/>\n\t<meta property=\"og:image:height\" content=\"667\" \/>\n\t<meta property=\"og:image:type\" content=\"image\/jpeg\" \/>\n<meta name=\"author\" content=\"Silvia Rigotto\" \/>\n<meta name=\"twitter:card\" content=\"summary_large_image\" \/>\n<meta name=\"twitter:label1\" content=\"Scritto da\" \/>\n\t<meta name=\"twitter:data1\" content=\"Silvia Rigotto\" \/>\n\t<meta name=\"twitter:label2\" content=\"Tempo di lettura stimato\" \/>\n\t<meta name=\"twitter:data2\" content=\"4 minuti\" \/>\n<script type=\"application\/ld+json\" class=\"yoast-schema-graph\">{\"@context\":\"https:\/\/schema.org\",\"@graph\":[{\"@type\":\"Article\",\"@id\":\"https:\/\/www.pharmanutra.it\/it\/sindrome-covid-cronica-gli-effetti-positivi-di-apportal\/#article\",\"isPartOf\":{\"@id\":\"https:\/\/www.pharmanutra.it\/it\/sindrome-covid-cronica-gli-effetti-positivi-di-apportal\/\"},\"author\":{\"name\":\"Silvia Rigotto\",\"@id\":\"https:\/\/www.pharmanutra.it\/it\/#\/schema\/person\/e167594e059fd908b48f144590a46ccd\"},\"headline\":\"Sindrome COVID cronica: un nuovo studio mostra gli effetti positivi dell&#8217;utilizzo di ApportAL\u00ae\",\"datePublished\":\"2022-05-03T11:31:52+00:00\",\"mainEntityOfPage\":{\"@id\":\"https:\/\/www.pharmanutra.it\/it\/sindrome-covid-cronica-gli-effetti-positivi-di-apportal\/\"},\"wordCount\":770,\"commentCount\":0,\"publisher\":{\"@id\":\"https:\/\/www.pharmanutra.it\/it\/#organization\"},\"image\":{\"@id\":\"https:\/\/www.pharmanutra.it\/it\/sindrome-covid-cronica-gli-effetti-positivi-di-apportal\/#primaryimage\"},\"thumbnailUrl\":\"https:\/\/www.pharmanutra.it\/wp-content\/uploads\/2022\/05\/APPORTAL_SUMMER_1000x667px_01.jpg\",\"keywords\":[\"Medicina Interna e Geriatria\"],\"articleSection\":[\"Minerali e vitamine\"],\"inLanguage\":\"it-IT\",\"potentialAction\":[{\"@type\":\"CommentAction\",\"name\":\"Comment\",\"target\":[\"https:\/\/www.pharmanutra.it\/it\/sindrome-covid-cronica-gli-effetti-positivi-di-apportal\/#respond\"]}]},{\"@type\":\"WebPage\",\"@id\":\"https:\/\/www.pharmanutra.it\/it\/sindrome-covid-cronica-gli-effetti-positivi-di-apportal\/\",\"url\":\"https:\/\/www.pharmanutra.it\/it\/sindrome-covid-cronica-gli-effetti-positivi-di-apportal\/\",\"name\":\"Sindrome COVID cronica: gli effetti positivi di ApportAL - PharmaNutra\",\"isPartOf\":{\"@id\":\"https:\/\/www.pharmanutra.it\/it\/#website\"},\"primaryImageOfPage\":{\"@id\":\"https:\/\/www.pharmanutra.it\/it\/sindrome-covid-cronica-gli-effetti-positivi-di-apportal\/#primaryimage\"},\"image\":{\"@id\":\"https:\/\/www.pharmanutra.it\/it\/sindrome-covid-cronica-gli-effetti-positivi-di-apportal\/#primaryimage\"},\"thumbnailUrl\":\"https:\/\/www.pharmanutra.it\/wp-content\/uploads\/2022\/05\/APPORTAL_SUMMER_1000x667px_01.jpg\",\"datePublished\":\"2022-05-03T11:31:52+00:00\",\"description\":\"I risultati di questo studio mostrano che l'utilizzo di ApportAL pu\u00f2 essere una valida opportunit\u00e0 per contrastare l'affaticamento cronico.\",\"breadcrumb\":{\"@id\":\"https:\/\/www.pharmanutra.it\/it\/sindrome-covid-cronica-gli-effetti-positivi-di-apportal\/#breadcrumb\"},\"inLanguage\":\"it-IT\",\"potentialAction\":[{\"@type\":\"ReadAction\",\"target\":[\"https:\/\/www.pharmanutra.it\/it\/sindrome-covid-cronica-gli-effetti-positivi-di-apportal\/\"]}]},{\"@type\":\"ImageObject\",\"inLanguage\":\"it-IT\",\"@id\":\"https:\/\/www.pharmanutra.it\/it\/sindrome-covid-cronica-gli-effetti-positivi-di-apportal\/#primaryimage\",\"url\":\"https:\/\/www.pharmanutra.it\/wp-content\/uploads\/2022\/05\/APPORTAL_SUMMER_1000x667px_01.jpg\",\"contentUrl\":\"https:\/\/www.pharmanutra.it\/wp-content\/uploads\/2022\/05\/APPORTAL_SUMMER_1000x667px_01.jpg\",\"width\":1000,\"height\":667},{\"@type\":\"BreadcrumbList\",\"@id\":\"https:\/\/www.pharmanutra.it\/it\/sindrome-covid-cronica-gli-effetti-positivi-di-apportal\/#breadcrumb\",\"itemListElement\":[{\"@type\":\"ListItem\",\"position\":1,\"name\":\"Home\",\"item\":\"https:\/\/www.pharmanutra.it\/it\/\"},{\"@type\":\"ListItem\",\"position\":2,\"name\":\"Sindrome COVID cronica: un nuovo studio mostra gli effetti positivi dell&#8217;utilizzo di ApportAL\u00ae\"}]},{\"@type\":\"WebSite\",\"@id\":\"https:\/\/www.pharmanutra.it\/it\/#website\",\"url\":\"https:\/\/www.pharmanutra.it\/it\/\",\"name\":\"pharmanutra.it\",\"description\":\"\",\"publisher\":{\"@id\":\"https:\/\/www.pharmanutra.it\/it\/#organization\"},\"potentialAction\":[{\"@type\":\"SearchAction\",\"target\":{\"@type\":\"EntryPoint\",\"urlTemplate\":\"https:\/\/www.pharmanutra.it\/it\/?s={search_term_string}\"},\"query-input\":{\"@type\":\"PropertyValueSpecification\",\"valueRequired\":true,\"valueName\":\"search_term_string\"}}],\"inLanguage\":\"it-IT\"},{\"@type\":\"Organization\",\"@id\":\"https:\/\/www.pharmanutra.it\/it\/#organization\",\"name\":\"pharmanutra.it\",\"url\":\"https:\/\/www.pharmanutra.it\/it\/\",\"logo\":{\"@type\":\"ImageObject\",\"inLanguage\":\"it-IT\",\"@id\":\"https:\/\/www.pharmanutra.it\/it\/#\/schema\/logo\/image\/\",\"url\":\"https:\/\/www.pharmanutra.it\/wp-content\/uploads\/2025\/09\/PHN_LOGO2020color.png\",\"contentUrl\":\"https:\/\/www.pharmanutra.it\/wp-content\/uploads\/2025\/09\/PHN_LOGO2020color.png\",\"width\":1856,\"height\":210,\"caption\":\"pharmanutra.it\"},\"image\":{\"@id\":\"https:\/\/www.pharmanutra.it\/it\/#\/schema\/logo\/image\/\"}},{\"@type\":\"Person\",\"@id\":\"https:\/\/www.pharmanutra.it\/it\/#\/schema\/person\/e167594e059fd908b48f144590a46ccd\",\"name\":\"Silvia Rigotto\",\"image\":{\"@type\":\"ImageObject\",\"inLanguage\":\"it-IT\",\"@id\":\"https:\/\/www.pharmanutra.it\/it\/#\/schema\/person\/image\/\",\"url\":\"https:\/\/secure.gravatar.com\/avatar\/74de320c47466acb3ce41afd90e724ba09607692eb64df19e5d1a3518ea9984c?s=96&d=mm&r=g\",\"contentUrl\":\"https:\/\/secure.gravatar.com\/avatar\/74de320c47466acb3ce41afd90e724ba09607692eb64df19e5d1a3518ea9984c?s=96&d=mm&r=g\",\"caption\":\"Silvia Rigotto\"},\"url\":\"https:\/\/www.pharmanutra.it\/it\/author\/s-rigotto\/\"}]}<\/script>\n<!-- \/ Yoast SEO plugin. -->","yoast_head_json":{"title":"Sindrome COVID cronica: gli effetti positivi di ApportAL - PharmaNutra","description":"I risultati di questo studio mostrano che l'utilizzo di ApportAL pu\u00f2 essere una valida opportunit\u00e0 per contrastare l'affaticamento cronico.","robots":{"index":"index","follow":"follow","max-snippet":"max-snippet:-1","max-image-preview":"max-image-preview:large","max-video-preview":"max-video-preview:-1"},"canonical":"https:\/\/www.pharmanutra.it\/it\/sindrome-covid-cronica-gli-effetti-positivi-di-apportal\/","og_locale":"it_IT","og_type":"article","og_title":"Sindrome COVID cronica: gli effetti positivi di ApportAL - PharmaNutra","og_description":"I risultati di questo studio mostrano che l'utilizzo di ApportAL pu\u00f2 essere una valida opportunit\u00e0 per contrastare l'affaticamento cronico.","og_url":"https:\/\/www.pharmanutra.it\/it\/sindrome-covid-cronica-gli-effetti-positivi-di-apportal\/","og_site_name":"pharmanutra.it","article_published_time":"2022-05-03T11:31:52+00:00","og_image":[{"width":1000,"height":667,"url":"https:\/\/www.pharmanutra.it\/wp-content\/uploads\/2022\/05\/APPORTAL_SUMMER_1000x667px_01.jpg","type":"image\/jpeg"}],"author":"Silvia Rigotto","twitter_card":"summary_large_image","twitter_misc":{"Scritto da":"Silvia Rigotto","Tempo di lettura stimato":"4 minuti"},"schema":{"@context":"https:\/\/schema.org","@graph":[{"@type":"Article","@id":"https:\/\/www.pharmanutra.it\/it\/sindrome-covid-cronica-gli-effetti-positivi-di-apportal\/#article","isPartOf":{"@id":"https:\/\/www.pharmanutra.it\/it\/sindrome-covid-cronica-gli-effetti-positivi-di-apportal\/"},"author":{"name":"Silvia Rigotto","@id":"https:\/\/www.pharmanutra.it\/it\/#\/schema\/person\/e167594e059fd908b48f144590a46ccd"},"headline":"Sindrome COVID cronica: un nuovo studio mostra gli effetti positivi dell&#8217;utilizzo di ApportAL\u00ae","datePublished":"2022-05-03T11:31:52+00:00","mainEntityOfPage":{"@id":"https:\/\/www.pharmanutra.it\/it\/sindrome-covid-cronica-gli-effetti-positivi-di-apportal\/"},"wordCount":770,"commentCount":0,"publisher":{"@id":"https:\/\/www.pharmanutra.it\/it\/#organization"},"image":{"@id":"https:\/\/www.pharmanutra.it\/it\/sindrome-covid-cronica-gli-effetti-positivi-di-apportal\/#primaryimage"},"thumbnailUrl":"https:\/\/www.pharmanutra.it\/wp-content\/uploads\/2022\/05\/APPORTAL_SUMMER_1000x667px_01.jpg","keywords":["Medicina Interna e Geriatria"],"articleSection":["Minerali e vitamine"],"inLanguage":"it-IT","potentialAction":[{"@type":"CommentAction","name":"Comment","target":["https:\/\/www.pharmanutra.it\/it\/sindrome-covid-cronica-gli-effetti-positivi-di-apportal\/#respond"]}]},{"@type":"WebPage","@id":"https:\/\/www.pharmanutra.it\/it\/sindrome-covid-cronica-gli-effetti-positivi-di-apportal\/","url":"https:\/\/www.pharmanutra.it\/it\/sindrome-covid-cronica-gli-effetti-positivi-di-apportal\/","name":"Sindrome COVID cronica: gli effetti positivi di ApportAL - PharmaNutra","isPartOf":{"@id":"https:\/\/www.pharmanutra.it\/it\/#website"},"primaryImageOfPage":{"@id":"https:\/\/www.pharmanutra.it\/it\/sindrome-covid-cronica-gli-effetti-positivi-di-apportal\/#primaryimage"},"image":{"@id":"https:\/\/www.pharmanutra.it\/it\/sindrome-covid-cronica-gli-effetti-positivi-di-apportal\/#primaryimage"},"thumbnailUrl":"https:\/\/www.pharmanutra.it\/wp-content\/uploads\/2022\/05\/APPORTAL_SUMMER_1000x667px_01.jpg","datePublished":"2022-05-03T11:31:52+00:00","description":"I risultati di questo studio mostrano che l'utilizzo di ApportAL pu\u00f2 essere una valida opportunit\u00e0 per contrastare l'affaticamento cronico.","breadcrumb":{"@id":"https:\/\/www.pharmanutra.it\/it\/sindrome-covid-cronica-gli-effetti-positivi-di-apportal\/#breadcrumb"},"inLanguage":"it-IT","potentialAction":[{"@type":"ReadAction","target":["https:\/\/www.pharmanutra.it\/it\/sindrome-covid-cronica-gli-effetti-positivi-di-apportal\/"]}]},{"@type":"ImageObject","inLanguage":"it-IT","@id":"https:\/\/www.pharmanutra.it\/it\/sindrome-covid-cronica-gli-effetti-positivi-di-apportal\/#primaryimage","url":"https:\/\/www.pharmanutra.it\/wp-content\/uploads\/2022\/05\/APPORTAL_SUMMER_1000x667px_01.jpg","contentUrl":"https:\/\/www.pharmanutra.it\/wp-content\/uploads\/2022\/05\/APPORTAL_SUMMER_1000x667px_01.jpg","width":1000,"height":667},{"@type":"BreadcrumbList","@id":"https:\/\/www.pharmanutra.it\/it\/sindrome-covid-cronica-gli-effetti-positivi-di-apportal\/#breadcrumb","itemListElement":[{"@type":"ListItem","position":1,"name":"Home","item":"https:\/\/www.pharmanutra.it\/it\/"},{"@type":"ListItem","position":2,"name":"Sindrome COVID cronica: un nuovo studio mostra gli effetti positivi dell&#8217;utilizzo di ApportAL\u00ae"}]},{"@type":"WebSite","@id":"https:\/\/www.pharmanutra.it\/it\/#website","url":"https:\/\/www.pharmanutra.it\/it\/","name":"pharmanutra.it","description":"","publisher":{"@id":"https:\/\/www.pharmanutra.it\/it\/#organization"},"potentialAction":[{"@type":"SearchAction","target":{"@type":"EntryPoint","urlTemplate":"https:\/\/www.pharmanutra.it\/it\/?s={search_term_string}"},"query-input":{"@type":"PropertyValueSpecification","valueRequired":true,"valueName":"search_term_string"}}],"inLanguage":"it-IT"},{"@type":"Organization","@id":"https:\/\/www.pharmanutra.it\/it\/#organization","name":"pharmanutra.it","url":"https:\/\/www.pharmanutra.it\/it\/","logo":{"@type":"ImageObject","inLanguage":"it-IT","@id":"https:\/\/www.pharmanutra.it\/it\/#\/schema\/logo\/image\/","url":"https:\/\/www.pharmanutra.it\/wp-content\/uploads\/2025\/09\/PHN_LOGO2020color.png","contentUrl":"https:\/\/www.pharmanutra.it\/wp-content\/uploads\/2025\/09\/PHN_LOGO2020color.png","width":1856,"height":210,"caption":"pharmanutra.it"},"image":{"@id":"https:\/\/www.pharmanutra.it\/it\/#\/schema\/logo\/image\/"}},{"@type":"Person","@id":"https:\/\/www.pharmanutra.it\/it\/#\/schema\/person\/e167594e059fd908b48f144590a46ccd","name":"Silvia Rigotto","image":{"@type":"ImageObject","inLanguage":"it-IT","@id":"https:\/\/www.pharmanutra.it\/it\/#\/schema\/person\/image\/","url":"https:\/\/secure.gravatar.com\/avatar\/74de320c47466acb3ce41afd90e724ba09607692eb64df19e5d1a3518ea9984c?s=96&d=mm&r=g","contentUrl":"https:\/\/secure.gravatar.com\/avatar\/74de320c47466acb3ce41afd90e724ba09607692eb64df19e5d1a3518ea9984c?s=96&d=mm&r=g","caption":"Silvia Rigotto"},"url":"https:\/\/www.pharmanutra.it\/it\/author\/s-rigotto\/"}]}},"meta_box":[],"_links":{"self":[{"href":"https:\/\/www.pharmanutra.it\/it\/wp-json\/wp\/v2\/posts\/5799","targetHints":{"allow":["GET"]}}],"collection":[{"href":"https:\/\/www.pharmanutra.it\/it\/wp-json\/wp\/v2\/posts"}],"about":[{"href":"https:\/\/www.pharmanutra.it\/it\/wp-json\/wp\/v2\/types\/post"}],"author":[{"embeddable":true,"href":"https:\/\/www.pharmanutra.it\/it\/wp-json\/wp\/v2\/users\/3"}],"replies":[{"embeddable":true,"href":"https:\/\/www.pharmanutra.it\/it\/wp-json\/wp\/v2\/comments?post=5799"}],"version-history":[{"count":0,"href":"https:\/\/www.pharmanutra.it\/it\/wp-json\/wp\/v2\/posts\/5799\/revisions"}],"wp:featuredmedia":[{"embeddable":true,"href":"https:\/\/www.pharmanutra.it\/it\/wp-json\/wp\/v2\/media\/5800"}],"wp:attachment":[{"href":"https:\/\/www.pharmanutra.it\/it\/wp-json\/wp\/v2\/media?parent=5799"}],"wp:term":[{"taxonomy":"category","embeddable":true,"href":"https:\/\/www.pharmanutra.it\/it\/wp-json\/wp\/v2\/categories?post=5799"},{"taxonomy":"post_tag","embeddable":true,"href":"https:\/\/www.pharmanutra.it\/it\/wp-json\/wp\/v2\/tags?post=5799"},{"taxonomy":"anno_documento","embeddable":true,"href":"https:\/\/www.pharmanutra.it\/it\/wp-json\/wp\/v2\/anno_documento?post=5799"}],"curies":[{"name":"wp","href":"https:\/\/api.w.org\/{rel}","templated":true}]}}