{"id":6169,"date":"2023-01-25T11:36:19","date_gmt":"2023-01-25T10:36:19","guid":{"rendered":"https:\/\/www.pharmanutra.it\/it\/?p=6169"},"modified":"2023-01-25T11:36:19","modified_gmt":"2023-01-25T10:36:19","slug":"apportal-e-disturbi-dellalimentazione","status":"publish","type":"post","link":"https:\/\/www.pharmanutra.it\/it\/apportal-e-disturbi-dellalimentazione\/","title":{"rendered":"ApportAL\u00ae e disturbi dell\u2019alimentazione"},"content":{"rendered":"<p>I disturbi del comportamento alimentare (DCA) sono oggigiorno un problema internazionale a causa di abitudini e stili di vita errati che hanno preso piede negli ultimi decenni nella societ\u00e0 odierna.<\/p>\n<p>Sono delle vere e proprie patologie caratterizzate da un\u2019alterazione delle abitudini alimentari e da un\u2019eccessiva preoccupazione per il peso e per le forma del corpo.<\/p>\n<p>Un disordine alimentare pu\u00f2 originare da numerosi fattori, tra cui troviamo quelli biologici, genetici, ambientali, sociali, psicologici e psichiatrici.<\/p>\n<p>Tra le pi\u00f9 comuni condizioni legate ai DCA, troviamo l&#8217;<strong>anoressia<\/strong> e la <strong>bulimia<\/strong>, le quali sono correlate ad un\u2019eziologia sconosciuta e che iniziano pi\u00f9 comunemente durante l&#8217;adolescenza.<\/p>\n<p>Queste condizioni cliniche possiedono sintomi unici e vari tra loro, come la restrizione nel mangiare, o al contrario, il mangiare troppo e in modo incontrollato (abbuffata compulsiva), distorsioni dell&#8217;immagine del corpo, la resistenza al trattamento, la costante ricerca della perfezione, la compulsivit\u00e0 ossessiva e l\u2019umore disforico.<\/p>\n<p>Questi sono spesso disturbi cronici e recidivanti e la mancanza di comprensione della patogenesi di questa malattia ha ostacolato lo sviluppo di interventi efficaci, in particolare per l&#8217;anoressia.<\/p>\n<p>Anoressia e bulimia, dunque, sono malattie complesse determinate da condizioni di disagio psicologico ed emotivo, che quindi richiedono un trattamento sia del problema alimentare in s\u00e9 che della sua natura psichica. L\u2019obiettivo \u00e8 quello di portare il paziente, attraverso terapie mirate a modificare i comportamenti e adottare delle soluzioni per la gestione dei propri stress emotivi, oltre che a ristabilire un equilibrato comportamento alimentare.<\/p>\n<p>Questi disturbi, generalmente, possono manifestarsi in persone di diverse et\u00e0, sesso, provenienza sociale, ma sono solitamente pi\u00f9 comuni in giovani donne in et\u00e0 compresa tra i 15 e i 25 anni.<\/p>\n<p>&nbsp;<\/p>\n<p><strong>Anoressia<\/strong><\/p>\n<p>Sindrome clinica caratterizzata da una riduzione o perdita (appa\u00adrente o reale) dell\u2019appetito\/desiderio di alimentarsi. Sulla base dei meccanismi patogenetici si distinguono:<\/p>\n<ul>\n<li><strong><em>Anoressia nervosa<\/em><\/strong>, una malattia psichiatrica caratterizzata dalla riduzione intenzionale dell\u2019alimentazione e da un\u2019alterata percezione dell\u2019immagine corporea;<\/li>\n<li><strong><em>Anoressia secondaria<\/em><\/strong> che \u00e8 definita da una riduzione involontaria dell\u2019appetito associata a patologie acute o croniche.<\/li>\n<\/ul>\n<p>Una persona diventa anoressica quando, riducendo o interrompendo la propria consueta alimentazione, scende sotto l\u201985% del peso normale per la propria et\u00e0, sesso e altezza.<\/p>\n<p>Spesso l\u2019individuo anoressico comincia a manifestare la malattia evitando tutti i cibi ritenuti grassi e concentrandosi su alimenti \u201csani\u201d poco calorici, con un\u2019attenzione ossessiva al contenuto calorico e alla composizione dei cibi.<\/p>\n<p><strong>\u00a0<\/strong><\/p>\n<p><strong>Bulimia<\/strong><\/p>\n<p>\u00c8 un disturbo del comportamento alimentare che consiste in una voracit\u00e0 patologica ed eccessiva nel mangiare, infatti, la persona bulimica si abbuffa in modo molto diverso da quello che avviene quando normalmente si mangia troppo, riferendo una condizione di impotenza nello smettere di mangiare (binge eating).<\/p>\n<p>Dopo aver mangiato in maniera compulsiva, l\u2019individuo generalmente si sente in colpa e tende a punirsi vomitando, ingerendo diuretici e lassativi con l\u2019intento di dimagrire.<\/p>\n<p>I soggetti affetti da bulimia possono essere di peso normale, sottopeso o sovrappeso, diversamente dagli individui anoressici che sono sempre sottopeso.<\/p>\n<p>&nbsp;<\/p>\n<p><strong>Conseguenze Fisiche e Psicologiche <\/strong><\/p>\n<p>Tutti i DCA conducono ad uno stato di <strong>malnutrizione<\/strong>, che per definizione \u00e8 \u201c<em>l\u2019insieme di alterazioni strutturali e funzionali dell\u2019organismo causa\u00adte da apporti in eccesso o in difetto di energia e\/o di uno o pi\u00f9 nutrienti<\/em>. \u201c<\/p>\n<p>Quali possono essere gli <strong><em>effetti fisici<\/em><\/strong> di questi disturbi?<\/p>\n<p>Tra gli effetti fisici lo stato elevato di malnutrizione comporta l\u2019insorgenza di ulcere gastrointestinali, disidratazione, danneggiamento dei denti e delle gengive, patologie cardiache, renali ed epatiche.<\/p>\n<p>Quali possono essere gli <strong><em>effetti psicologici<\/em><\/strong> di questi disturbi?<\/p>\n<p>Tra gli effetti psicologici sono molto comuni: depressione, basso livello di autostima, senso di vergogna e colpa, difficolt\u00e0 a mantenere le relazioni sociali e familiari, sbalzi dell\u2019umore con tendenza a comportamenti maniacali ed infine difficolt\u00e0 di concentrazione e memorizzazione.<\/p>\n<p><strong><em>\u00a0<\/em><\/strong><\/p>\n<p><strong>Carenze nutrizionali<\/strong><\/p>\n<p>Nei soggetti con DCA, l\u2019alimentazione potrebbe risultare insufficiente a garantire il corretto quantitativo di nutrienti, a causa dei controlli compulsivi per ogni tipo di alimento che viene ingerito, per il vomito autoindotto e\/o per l\u2019abuso di farmaci lassativi e diuretici.<\/p>\n<p>Ne consegue, dunque, uno <strong>stato di carenza generale<\/strong> che dovrebbe essere ripristinato con l\u2019assunzione di integratori alimentari ad alte dosi, con l\u2019obiettivo di riequilibrare i quantitativi dei macronutrienti (e.g. carboidrati per generare energia) e micronutrienti (e.g. ferro, magnesio etc\u2026) fondamentali al corretto funzionamento del nostro organismo.<\/p>\n<p>Tra le varie complicazioni derivanti da questi deficit nutrizionali, si riscontra frequentemente la presenza di <strong>anemia ferro carenziale<\/strong> (anemia sideropenica) e la <strong>carenza di vitamina D<\/strong> associata a deterioramento della salute dell\u2019osso. Inoltre, anche la frequente <strong>carenza di zinco <\/strong>in questi soggetti pu\u00f2 esporli pi\u00f9 facilmente all\u2019attacco di alcuni virus, come i <em>Rhinovirus<\/em> responsabili del comune raffreddore.<\/p>\n<p>Per questa ragione \u00e8 consigliabile utilizzare degli integratori alimentari completi, come il complemento nutrizionale <strong>Apportal\u00ae<\/strong>, che contiene gli elementi essenziali di cui questi soggetti sono spesso carenti, come ad esempio <strong>ferro, zinco, magnesio, selenio, vitamine del gruppo B e vitamina D.<\/strong><\/p>\n<p>&nbsp;<\/p>\n<p><strong><em>Apportal\u00ae<\/em><\/strong><\/p>\n<p>I minerali contenuti in Apportal\u00ae (ferro, magnesio, zinco, iodio e selenio) sono formulati con la <strong>tecnologia Sucrosomiale\u00ae<\/strong>, un brevetto di Pharmanutra S.p.a, nella quale i minerali sono protetti da una matrice di fosfolipidi ed esteri saccarici degli acidi grassi; questa struttura prende il nome di Sucrosoma\u00ae(figura), il quale permette un elevato assorbimento e un\u2019ottima tollerabilit\u00e0 gastrointestinale, superando i limiti legati all&#8217;integrazione convenzionale di questi minerali.<\/p>\n<figure id=\"attachment_6176\" aria-describedby=\"caption-attachment-6176\" style=\"width: 600px\" class=\"wp-caption alignnone\"><img loading=\"lazy\" decoding=\"async\" class=\"wp-image-6176 size-full\" src=\"https:\/\/www.pharmanutra.it\/wp-content\/uploads\/2023\/01\/apportal_sucrosome_600x300px.jpg\" alt=\"\" width=\"600\" height=\"300\" srcset=\"https:\/\/www.pharmanutra.it\/wp-content\/uploads\/2023\/01\/apportal_sucrosome_600x300px.jpg 600w, https:\/\/www.pharmanutra.it\/wp-content\/uploads\/2023\/01\/apportal_sucrosome_600x300px-300x150.jpg 300w\" sizes=\"auto, (max-width: 600px) 100vw, 600px\" \/><figcaption id=\"caption-attachment-6176\" class=\"wp-caption-text\">Figura: Struttura del Sucrosoma\u00ae<\/figcaption><\/figure>\n<p>&nbsp;<\/p>\n<p>Il prodotto Apportal\u00ae grazie alla formulazione unica dei suoi 19 nutrienti funzionali, in sole 18 Kcal per bustina, aiuta a prevenire e\/o a correggere gli eventuali stati di carenza dei nutrienti essenziali nei soggetti che seguono regimi alimentari molto restrittivi.<\/p>\n<p><img loading=\"lazy\" decoding=\"async\" class=\"alignnone wp-image-6175 size-full\" src=\"https:\/\/www.pharmanutra.it\/wp-content\/uploads\/2023\/01\/apportal_article_eng_pack_600x300.jpg\" alt=\"\" width=\"600\" height=\"300\" srcset=\"https:\/\/www.pharmanutra.it\/wp-content\/uploads\/2023\/01\/apportal_article_eng_pack_600x300.jpg 600w, https:\/\/www.pharmanutra.it\/wp-content\/uploads\/2023\/01\/apportal_article_eng_pack_600x300-300x150.jpg 300w\" sizes=\"auto, (max-width: 600px) 100vw, 600px\" \/><\/p>\n<p>&nbsp;<\/p>\n<hr \/>\n<p>BIBLIOGRAFIA<\/p>\n<ul>\n<li>Kaye W. <em>Neurobiology of anorexia and bulimia nervosa. <\/em>Physiol Behav. 2008 Apr 22;94(1):121-35.<\/li>\n<li><em>NICE Guideline 2017. Eating disorders: recognition and treatment.<\/em><\/li>\n<li><em><a href=\"https:\/\/www.epicentro.iss.it\/anoressia\/\">https:\/\/www.epicentro.iss.it\/anoressia\/<\/a><\/em><\/li>\n<li><em><a href=\"https:\/\/www.issalute.it\/index.php\/la-salute-dalla-a-alla-z-menu\/b\/bulimia-nervosa\">https:\/\/www.issalute.it\/index.php\/la-salute-dalla-a-alla-z-menu\/b\/bulimia-nervosa<\/a><\/em><\/li>\n<li>Gatti D et al<em>. Strong relationship between vitamin D status and bone mineral density in anorexia nervosa. <\/em>Bone 2015.<\/li>\n<\/ul>\n<p>&nbsp;<\/p>\n","protected":false},"excerpt":{"rendered":"<p>I disturbi del comportamento alimentare (DCA) sono oggigiorno un problema internazionale a causa di abitudini e stili di vita errati che hanno preso piede negli ultimi decenni nella societ\u00e0 odierna. Sono delle vere e proprie patologie caratterizzate da un\u2019alterazione delle abitudini alimentari e da un\u2019eccessiva preoccupazione per il peso e per le forma del corpo. [&hellip;]<\/p>\n","protected":false},"author":8,"featured_media":6170,"comment_status":"open","ping_status":"open","sticky":false,"template":"","format":"standard","meta":{"footnotes":""},"categories":[99],"tags":[127],"anno_documento":[78],"class_list":["post-6169","post","type-post","status-publish","format-standard","has-post-thumbnail","hentry","category-minerali-e-vitamine","tag-nutrizione-e-metabolismo","anno_documento-78"],"yoast_head":"<!-- This site is optimized with the Yoast SEO plugin v26.1.1 - https:\/\/yoast.com\/wordpress\/plugins\/seo\/ -->\n<title>ApportAL\u00ae e disturbi dell\u2019alimentazione - pharmanutra.it<\/title>\n<meta name=\"robots\" content=\"index, follow, max-snippet:-1, max-image-preview:large, max-video-preview:-1\" \/>\n<link rel=\"canonical\" href=\"https:\/\/www.pharmanutra.it\/it\/apportal-e-disturbi-dellalimentazione\/\" \/>\n<meta property=\"og:locale\" content=\"it_IT\" \/>\n<meta property=\"og:type\" content=\"article\" \/>\n<meta property=\"og:title\" content=\"ApportAL\u00ae e disturbi dell\u2019alimentazione - pharmanutra.it\" \/>\n<meta property=\"og:description\" content=\"I disturbi del comportamento alimentare (DCA) sono oggigiorno un problema internazionale a causa di abitudini e stili di vita errati che hanno preso piede negli ultimi decenni nella societ\u00e0 odierna. Sono delle vere e proprie patologie caratterizzate da un\u2019alterazione delle abitudini alimentari e da un\u2019eccessiva preoccupazione per il peso e per le forma del corpo. [&hellip;]\" \/>\n<meta property=\"og:url\" content=\"https:\/\/www.pharmanutra.it\/it\/apportal-e-disturbi-dellalimentazione\/\" \/>\n<meta property=\"og:site_name\" content=\"pharmanutra.it\" \/>\n<meta property=\"article:published_time\" content=\"2023-01-25T10:36:19+00:00\" \/>\n<meta property=\"og:image\" content=\"https:\/\/www.pharmanutra.it\/wp-content\/uploads\/2023\/01\/disturbi-alimentari-apportal.jpg\" \/>\n\t<meta property=\"og:image:width\" content=\"642\" \/>\n\t<meta property=\"og:image:height\" content=\"230\" \/>\n\t<meta property=\"og:image:type\" content=\"image\/jpeg\" \/>\n<meta name=\"author\" content=\"Alessandro Controzzi\" \/>\n<meta name=\"twitter:card\" content=\"summary_large_image\" \/>\n<meta name=\"twitter:creator\" content=\"@calabughi\" \/>\n<meta name=\"twitter:label1\" content=\"Scritto da\" \/>\n\t<meta name=\"twitter:data1\" content=\"Alessandro Controzzi\" \/>\n\t<meta name=\"twitter:label2\" content=\"Tempo di lettura stimato\" \/>\n\t<meta name=\"twitter:data2\" content=\"6 minuti\" \/>\n<script type=\"application\/ld+json\" class=\"yoast-schema-graph\">{\"@context\":\"https:\/\/schema.org\",\"@graph\":[{\"@type\":\"Article\",\"@id\":\"https:\/\/www.pharmanutra.it\/it\/apportal-e-disturbi-dellalimentazione\/#article\",\"isPartOf\":{\"@id\":\"https:\/\/www.pharmanutra.it\/it\/apportal-e-disturbi-dellalimentazione\/\"},\"author\":{\"name\":\"Alessandro Controzzi\",\"@id\":\"https:\/\/www.pharmanutra.it\/it\/#\/schema\/person\/f6785f7e3f38b01458c6cbeebf5d15d3\"},\"headline\":\"ApportAL\u00ae e disturbi dell\u2019alimentazione\",\"datePublished\":\"2023-01-25T10:36:19+00:00\",\"mainEntityOfPage\":{\"@id\":\"https:\/\/www.pharmanutra.it\/it\/apportal-e-disturbi-dellalimentazione\/\"},\"wordCount\":996,\"commentCount\":0,\"publisher\":{\"@id\":\"https:\/\/www.pharmanutra.it\/it\/#organization\"},\"image\":{\"@id\":\"https:\/\/www.pharmanutra.it\/it\/apportal-e-disturbi-dellalimentazione\/#primaryimage\"},\"thumbnailUrl\":\"https:\/\/www.pharmanutra.it\/wp-content\/uploads\/2023\/01\/disturbi-alimentari-apportal.jpg\",\"keywords\":[\"Nutrizione e Metabolismo\"],\"articleSection\":[\"Minerali e vitamine\"],\"inLanguage\":\"it-IT\",\"potentialAction\":[{\"@type\":\"CommentAction\",\"name\":\"Comment\",\"target\":[\"https:\/\/www.pharmanutra.it\/it\/apportal-e-disturbi-dellalimentazione\/#respond\"]}]},{\"@type\":\"WebPage\",\"@id\":\"https:\/\/www.pharmanutra.it\/it\/apportal-e-disturbi-dellalimentazione\/\",\"url\":\"https:\/\/www.pharmanutra.it\/it\/apportal-e-disturbi-dellalimentazione\/\",\"name\":\"ApportAL\u00ae e disturbi dell\u2019alimentazione - pharmanutra.it\",\"isPartOf\":{\"@id\":\"https:\/\/www.pharmanutra.it\/it\/#website\"},\"primaryImageOfPage\":{\"@id\":\"https:\/\/www.pharmanutra.it\/it\/apportal-e-disturbi-dellalimentazione\/#primaryimage\"},\"image\":{\"@id\":\"https:\/\/www.pharmanutra.it\/it\/apportal-e-disturbi-dellalimentazione\/#primaryimage\"},\"thumbnailUrl\":\"https:\/\/www.pharmanutra.it\/wp-content\/uploads\/2023\/01\/disturbi-alimentari-apportal.jpg\",\"datePublished\":\"2023-01-25T10:36:19+00:00\",\"breadcrumb\":{\"@id\":\"https:\/\/www.pharmanutra.it\/it\/apportal-e-disturbi-dellalimentazione\/#breadcrumb\"},\"inLanguage\":\"it-IT\",\"potentialAction\":[{\"@type\":\"ReadAction\",\"target\":[\"https:\/\/www.pharmanutra.it\/it\/apportal-e-disturbi-dellalimentazione\/\"]}]},{\"@type\":\"ImageObject\",\"inLanguage\":\"it-IT\",\"@id\":\"https:\/\/www.pharmanutra.it\/it\/apportal-e-disturbi-dellalimentazione\/#primaryimage\",\"url\":\"https:\/\/www.pharmanutra.it\/wp-content\/uploads\/2023\/01\/disturbi-alimentari-apportal.jpg\",\"contentUrl\":\"https:\/\/www.pharmanutra.it\/wp-content\/uploads\/2023\/01\/disturbi-alimentari-apportal.jpg\",\"width\":642,\"height\":230},{\"@type\":\"BreadcrumbList\",\"@id\":\"https:\/\/www.pharmanutra.it\/it\/apportal-e-disturbi-dellalimentazione\/#breadcrumb\",\"itemListElement\":[{\"@type\":\"ListItem\",\"position\":1,\"name\":\"Home\",\"item\":\"https:\/\/www.pharmanutra.it\/it\/\"},{\"@type\":\"ListItem\",\"position\":2,\"name\":\"ApportAL\u00ae e disturbi dell\u2019alimentazione\"}]},{\"@type\":\"WebSite\",\"@id\":\"https:\/\/www.pharmanutra.it\/it\/#website\",\"url\":\"https:\/\/www.pharmanutra.it\/it\/\",\"name\":\"pharmanutra.it\",\"description\":\"\",\"publisher\":{\"@id\":\"https:\/\/www.pharmanutra.it\/it\/#organization\"},\"potentialAction\":[{\"@type\":\"SearchAction\",\"target\":{\"@type\":\"EntryPoint\",\"urlTemplate\":\"https:\/\/www.pharmanutra.it\/it\/?s={search_term_string}\"},\"query-input\":{\"@type\":\"PropertyValueSpecification\",\"valueRequired\":true,\"valueName\":\"search_term_string\"}}],\"inLanguage\":\"it-IT\"},{\"@type\":\"Organization\",\"@id\":\"https:\/\/www.pharmanutra.it\/it\/#organization\",\"name\":\"pharmanutra.it\",\"url\":\"https:\/\/www.pharmanutra.it\/it\/\",\"logo\":{\"@type\":\"ImageObject\",\"inLanguage\":\"it-IT\",\"@id\":\"https:\/\/www.pharmanutra.it\/it\/#\/schema\/logo\/image\/\",\"url\":\"https:\/\/www.pharmanutra.it\/wp-content\/uploads\/2025\/09\/PHN_LOGO2020color.png\",\"contentUrl\":\"https:\/\/www.pharmanutra.it\/wp-content\/uploads\/2025\/09\/PHN_LOGO2020color.png\",\"width\":1856,\"height\":210,\"caption\":\"pharmanutra.it\"},\"image\":{\"@id\":\"https:\/\/www.pharmanutra.it\/it\/#\/schema\/logo\/image\/\"}},{\"@type\":\"Person\",\"@id\":\"https:\/\/www.pharmanutra.it\/it\/#\/schema\/person\/f6785f7e3f38b01458c6cbeebf5d15d3\",\"name\":\"Alessandro Controzzi\",\"image\":{\"@type\":\"ImageObject\",\"inLanguage\":\"it-IT\",\"@id\":\"https:\/\/www.pharmanutra.it\/it\/#\/schema\/person\/image\/\",\"url\":\"https:\/\/secure.gravatar.com\/avatar\/650a7370a2e830d547eb6cbad72efe52c43eb94a11d289f8906133c613bff257?s=96&d=mm&r=g\",\"contentUrl\":\"https:\/\/secure.gravatar.com\/avatar\/650a7370a2e830d547eb6cbad72efe52c43eb94a11d289f8906133c613bff257?s=96&d=mm&r=g\",\"caption\":\"Alessandro Controzzi\"},\"sameAs\":[\"https:\/\/x.com\/calabughi\"],\"url\":\"https:\/\/www.pharmanutra.it\/it\/author\/alessandro-controzzi\/\"}]}<\/script>\n<!-- \/ Yoast SEO plugin. -->","yoast_head_json":{"title":"ApportAL\u00ae e disturbi dell\u2019alimentazione - pharmanutra.it","robots":{"index":"index","follow":"follow","max-snippet":"max-snippet:-1","max-image-preview":"max-image-preview:large","max-video-preview":"max-video-preview:-1"},"canonical":"https:\/\/www.pharmanutra.it\/it\/apportal-e-disturbi-dellalimentazione\/","og_locale":"it_IT","og_type":"article","og_title":"ApportAL\u00ae e disturbi dell\u2019alimentazione - pharmanutra.it","og_description":"I disturbi del comportamento alimentare (DCA) sono oggigiorno un problema internazionale a causa di abitudini e stili di vita errati che hanno preso piede negli ultimi decenni nella societ\u00e0 odierna. Sono delle vere e proprie patologie caratterizzate da un\u2019alterazione delle abitudini alimentari e da un\u2019eccessiva preoccupazione per il peso e per le forma del corpo. [&hellip;]","og_url":"https:\/\/www.pharmanutra.it\/it\/apportal-e-disturbi-dellalimentazione\/","og_site_name":"pharmanutra.it","article_published_time":"2023-01-25T10:36:19+00:00","og_image":[{"width":642,"height":230,"url":"https:\/\/www.pharmanutra.it\/wp-content\/uploads\/2023\/01\/disturbi-alimentari-apportal.jpg","type":"image\/jpeg"}],"author":"Alessandro Controzzi","twitter_card":"summary_large_image","twitter_creator":"@calabughi","twitter_misc":{"Scritto da":"Alessandro Controzzi","Tempo di lettura stimato":"6 minuti"},"schema":{"@context":"https:\/\/schema.org","@graph":[{"@type":"Article","@id":"https:\/\/www.pharmanutra.it\/it\/apportal-e-disturbi-dellalimentazione\/#article","isPartOf":{"@id":"https:\/\/www.pharmanutra.it\/it\/apportal-e-disturbi-dellalimentazione\/"},"author":{"name":"Alessandro Controzzi","@id":"https:\/\/www.pharmanutra.it\/it\/#\/schema\/person\/f6785f7e3f38b01458c6cbeebf5d15d3"},"headline":"ApportAL\u00ae e disturbi dell\u2019alimentazione","datePublished":"2023-01-25T10:36:19+00:00","mainEntityOfPage":{"@id":"https:\/\/www.pharmanutra.it\/it\/apportal-e-disturbi-dellalimentazione\/"},"wordCount":996,"commentCount":0,"publisher":{"@id":"https:\/\/www.pharmanutra.it\/it\/#organization"},"image":{"@id":"https:\/\/www.pharmanutra.it\/it\/apportal-e-disturbi-dellalimentazione\/#primaryimage"},"thumbnailUrl":"https:\/\/www.pharmanutra.it\/wp-content\/uploads\/2023\/01\/disturbi-alimentari-apportal.jpg","keywords":["Nutrizione e Metabolismo"],"articleSection":["Minerali e vitamine"],"inLanguage":"it-IT","potentialAction":[{"@type":"CommentAction","name":"Comment","target":["https:\/\/www.pharmanutra.it\/it\/apportal-e-disturbi-dellalimentazione\/#respond"]}]},{"@type":"WebPage","@id":"https:\/\/www.pharmanutra.it\/it\/apportal-e-disturbi-dellalimentazione\/","url":"https:\/\/www.pharmanutra.it\/it\/apportal-e-disturbi-dellalimentazione\/","name":"ApportAL\u00ae e disturbi dell\u2019alimentazione - pharmanutra.it","isPartOf":{"@id":"https:\/\/www.pharmanutra.it\/it\/#website"},"primaryImageOfPage":{"@id":"https:\/\/www.pharmanutra.it\/it\/apportal-e-disturbi-dellalimentazione\/#primaryimage"},"image":{"@id":"https:\/\/www.pharmanutra.it\/it\/apportal-e-disturbi-dellalimentazione\/#primaryimage"},"thumbnailUrl":"https:\/\/www.pharmanutra.it\/wp-content\/uploads\/2023\/01\/disturbi-alimentari-apportal.jpg","datePublished":"2023-01-25T10:36:19+00:00","breadcrumb":{"@id":"https:\/\/www.pharmanutra.it\/it\/apportal-e-disturbi-dellalimentazione\/#breadcrumb"},"inLanguage":"it-IT","potentialAction":[{"@type":"ReadAction","target":["https:\/\/www.pharmanutra.it\/it\/apportal-e-disturbi-dellalimentazione\/"]}]},{"@type":"ImageObject","inLanguage":"it-IT","@id":"https:\/\/www.pharmanutra.it\/it\/apportal-e-disturbi-dellalimentazione\/#primaryimage","url":"https:\/\/www.pharmanutra.it\/wp-content\/uploads\/2023\/01\/disturbi-alimentari-apportal.jpg","contentUrl":"https:\/\/www.pharmanutra.it\/wp-content\/uploads\/2023\/01\/disturbi-alimentari-apportal.jpg","width":642,"height":230},{"@type":"BreadcrumbList","@id":"https:\/\/www.pharmanutra.it\/it\/apportal-e-disturbi-dellalimentazione\/#breadcrumb","itemListElement":[{"@type":"ListItem","position":1,"name":"Home","item":"https:\/\/www.pharmanutra.it\/it\/"},{"@type":"ListItem","position":2,"name":"ApportAL\u00ae e disturbi dell\u2019alimentazione"}]},{"@type":"WebSite","@id":"https:\/\/www.pharmanutra.it\/it\/#website","url":"https:\/\/www.pharmanutra.it\/it\/","name":"pharmanutra.it","description":"","publisher":{"@id":"https:\/\/www.pharmanutra.it\/it\/#organization"},"potentialAction":[{"@type":"SearchAction","target":{"@type":"EntryPoint","urlTemplate":"https:\/\/www.pharmanutra.it\/it\/?s={search_term_string}"},"query-input":{"@type":"PropertyValueSpecification","valueRequired":true,"valueName":"search_term_string"}}],"inLanguage":"it-IT"},{"@type":"Organization","@id":"https:\/\/www.pharmanutra.it\/it\/#organization","name":"pharmanutra.it","url":"https:\/\/www.pharmanutra.it\/it\/","logo":{"@type":"ImageObject","inLanguage":"it-IT","@id":"https:\/\/www.pharmanutra.it\/it\/#\/schema\/logo\/image\/","url":"https:\/\/www.pharmanutra.it\/wp-content\/uploads\/2025\/09\/PHN_LOGO2020color.png","contentUrl":"https:\/\/www.pharmanutra.it\/wp-content\/uploads\/2025\/09\/PHN_LOGO2020color.png","width":1856,"height":210,"caption":"pharmanutra.it"},"image":{"@id":"https:\/\/www.pharmanutra.it\/it\/#\/schema\/logo\/image\/"}},{"@type":"Person","@id":"https:\/\/www.pharmanutra.it\/it\/#\/schema\/person\/f6785f7e3f38b01458c6cbeebf5d15d3","name":"Alessandro Controzzi","image":{"@type":"ImageObject","inLanguage":"it-IT","@id":"https:\/\/www.pharmanutra.it\/it\/#\/schema\/person\/image\/","url":"https:\/\/secure.gravatar.com\/avatar\/650a7370a2e830d547eb6cbad72efe52c43eb94a11d289f8906133c613bff257?s=96&d=mm&r=g","contentUrl":"https:\/\/secure.gravatar.com\/avatar\/650a7370a2e830d547eb6cbad72efe52c43eb94a11d289f8906133c613bff257?s=96&d=mm&r=g","caption":"Alessandro Controzzi"},"sameAs":["https:\/\/x.com\/calabughi"],"url":"https:\/\/www.pharmanutra.it\/it\/author\/alessandro-controzzi\/"}]}},"meta_box":[],"_links":{"self":[{"href":"https:\/\/www.pharmanutra.it\/it\/wp-json\/wp\/v2\/posts\/6169","targetHints":{"allow":["GET"]}}],"collection":[{"href":"https:\/\/www.pharmanutra.it\/it\/wp-json\/wp\/v2\/posts"}],"about":[{"href":"https:\/\/www.pharmanutra.it\/it\/wp-json\/wp\/v2\/types\/post"}],"author":[{"embeddable":true,"href":"https:\/\/www.pharmanutra.it\/it\/wp-json\/wp\/v2\/users\/8"}],"replies":[{"embeddable":true,"href":"https:\/\/www.pharmanutra.it\/it\/wp-json\/wp\/v2\/comments?post=6169"}],"version-history":[{"count":0,"href":"https:\/\/www.pharmanutra.it\/it\/wp-json\/wp\/v2\/posts\/6169\/revisions"}],"wp:featuredmedia":[{"embeddable":true,"href":"https:\/\/www.pharmanutra.it\/it\/wp-json\/wp\/v2\/media\/6170"}],"wp:attachment":[{"href":"https:\/\/www.pharmanutra.it\/it\/wp-json\/wp\/v2\/media?parent=6169"}],"wp:term":[{"taxonomy":"category","embeddable":true,"href":"https:\/\/www.pharmanutra.it\/it\/wp-json\/wp\/v2\/categories?post=6169"},{"taxonomy":"post_tag","embeddable":true,"href":"https:\/\/www.pharmanutra.it\/it\/wp-json\/wp\/v2\/tags?post=6169"},{"taxonomy":"anno_documento","embeddable":true,"href":"https:\/\/www.pharmanutra.it\/it\/wp-json\/wp\/v2\/anno_documento?post=6169"}],"curies":[{"name":"wp","href":"https:\/\/api.w.org\/{rel}","templated":true}]}}