{"id":642,"date":"2016-04-06T14:30:50","date_gmt":"2016-04-06T12:30:50","guid":{"rendered":"http:\/\/www.pharmanutra.it\/celadrin-per-il-karate-vi-presentiamo-gabriele-petroni\/"},"modified":"2016-04-06T14:30:50","modified_gmt":"2016-04-06T12:30:50","slug":"celadrin-per-il-karate-vi-presentiamo-gabriele-petroni","status":"publish","type":"post","link":"https:\/\/www.pharmanutra.it\/it\/celadrin-per-il-karate-vi-presentiamo-gabriele-petroni\/","title":{"rendered":"Celadrin per il karate, vi presentiamo Gabriele Petroni"},"content":{"rendered":"<p><span style=\"color: #3366ff;\"><a href=\"http:\/\/www.pharmanutra.it\/it\/celadrin-per-il-15-open-di-toscana-celadrin-cup\/\" target=\"_blank\" rel=\"noopener noreferrer\"><span style=\"color: #3366ff;\">Vi abbiamo parlato<\/span><\/a><\/span> la nuova avventura sportiva di Celadrin, la <span style=\"color: #3366ff;\"><a href=\"http:\/\/www.opentoscanakarate.it\" target=\"_blank\" rel=\"noopener noreferrer\"><span style=\"color: #3366ff;\"><strong>Celadrin Cup &#8211; 15\u00b0 Open di Toscana<\/strong><\/span><\/a><\/span>, ed abbiamo iniziato a presentarvi i suoi protagonisti.<\/p>\n<p>Dopo <span style=\"color: #3366ff;\"><a href=\"\/it\/news-celadrin\/375-celadrin-per-il-karate-vi-presentiamo-viola-lallo\" target=\"_blank\" rel=\"noopener noreferrer\"><span style=\"color: #3366ff;\"><strong>Viola Lallo<\/strong><\/span><\/a><\/span>, oggi vi raccontiamo di un ragazzo,<strong> Gabirele Petroni, classe 1994, categoria assoluti<\/strong>.<\/p>\n<p>All\u2019et\u00e0 di 5 anni, Gabriele, vedeva sempre il babbo andare in palestra la sera. Ben presto ha iniziato a volerlo seguire per poi restare <strong>affascinato da quei personaggi vestiti di bianco che facevano dei movimenti bellissimi<\/strong>.<\/p>\n<p><strong>Sono proprio quei movimenti, precisi, sicuri, che hanno conquistato il nostro karateka<\/strong>. Gabriele segue infatti la disciplina del <em><strong>kata<\/strong><\/em>, il lato pi\u00f9 statico di questa disciplina antica: viene riprodotto un combattimento immaginario attraverso una sequenza precisa di tecniche, di movimenti che esaltano l\u2019aspetto tradizionale del karate.<\/p>\n<h2>Gabriele, hai deciso presto cosa volevi fare da grande, continui a riscegliere questa disciplina?<\/h2>\n<p>Come se fosse il primo giorno &#8211;<em>risponde di getto<\/em>. Per me \u00e8 come una droga, non riesco a stargli lontano. Quando per qualsiasi motivo non posso allenarmi mi va storta tutta la giornata. Mi sono diplomato allo scientifico e ad oggi <strong>il mio obiettivo \u00e8 entrare in un gruppo militare sportivo<\/strong>.<\/p>\n<h2>Qual \u00e8 il ricordo pi\u00f9 bello che ricolleghi al karate?<\/h2>\n<p>La <strong>medaglia di bronzo agli europei in Turchia<\/strong>, era la mia <strong>prima uscita con la Nazionale<\/strong>. E\u2019 stata un\u2019emozione incredibile, tutt\u2019ora a parlarne mi sento nuovamente quell\u2019euforia addosso.<\/p>\n<h2>E uno meno bello invece?<\/h2>\n<p>La mia ultima e immeritata non convocazione al <strong>mondiale a Jakarta<\/strong>. Volevo davvero andarci, i risultati c\u2019erano\u2026 ci sono rimasto davvero male e ho vacillato pensando a cosa fare dopo. La mia famiglia mi \u00e8 stata molto vicino e ho ritrovato cos\u00ec la sicurezza e la determinazione per riprendere ad allenarmi come e pi\u00f9 di prima.<\/p>\n<h2>Cosa ti attende per questo 2016?<\/h2>\n<p><strong>Quest\u2019anno sar\u00e0 sicuramente fantastico!<\/strong> Ho un sacco di appuntamenti sia a livello agonistico che professionale\u2026 e poi il fatto di avere uno sponsor come <strong>Celadrin<\/strong> che mi segue e mi supporta mi da una carica in pi\u00f9. Aspetto con ansia l\u2019<strong>appuntamento di fine aprile per il 15\u00b0 Open di Toscana<\/strong>: mi sto allenando bene e voglio proprio portare a casa risultati.<\/p>\n","protected":false},"excerpt":{"rendered":"<p>&nbsp;Ci avviciniamo all&#8217;Open di Toscana di fine aprile e vi presentiamo un altro Atleta Celadrin!<\/p>\n","protected":false},"author":2,"featured_media":643,"comment_status":"open","ping_status":"open","sticky":false,"template":"","format":"standard","meta":{"footnotes":""},"categories":[15],"tags":[],"anno_documento":[72],"class_list":["post-642","post","type-post","status-publish","format-standard","has-post-thumbnail","hentry","category-news-eventi","anno_documento-72"],"yoast_head":"<!-- This site is optimized with the Yoast SEO plugin v26.1.1 - https:\/\/yoast.com\/wordpress\/plugins\/seo\/ -->\n<title>Celadrin per il karate, vi presentiamo Gabriele Petroni - pharmanutra.it<\/title>\n<meta name=\"robots\" content=\"index, follow, max-snippet:-1, max-image-preview:large, max-video-preview:-1\" \/>\n<link rel=\"canonical\" href=\"https:\/\/www.pharmanutra.it\/it\/celadrin-per-il-karate-vi-presentiamo-gabriele-petroni\/\" \/>\n<meta property=\"og:locale\" content=\"it_IT\" \/>\n<meta property=\"og:type\" content=\"article\" \/>\n<meta property=\"og:title\" content=\"Celadrin per il karate, vi presentiamo Gabriele Petroni - pharmanutra.it\" \/>\n<meta property=\"og:description\" content=\"&nbsp;Ci avviciniamo all&#039;Open di Toscana di fine aprile e vi presentiamo un altro Atleta Celadrin!\" \/>\n<meta property=\"og:url\" content=\"https:\/\/www.pharmanutra.it\/it\/celadrin-per-il-karate-vi-presentiamo-gabriele-petroni\/\" \/>\n<meta property=\"og:site_name\" content=\"pharmanutra.it\" \/>\n<meta property=\"article:published_time\" content=\"2016-04-06T12:30:50+00:00\" \/>\n<meta property=\"og:image\" content=\"https:\/\/www.pharmanutra.it\/wp-content\/uploads\/2016\/04\/gabrieleKarate.jpg\" \/>\n\t<meta property=\"og:image:width\" content=\"940\" \/>\n\t<meta property=\"og:image:height\" content=\"420\" \/>\n\t<meta property=\"og:image:type\" content=\"image\/jpeg\" \/>\n<meta name=\"author\" content=\"m.montagnani\" \/>\n<meta name=\"twitter:card\" content=\"summary_large_image\" \/>\n<meta name=\"twitter:label1\" content=\"Scritto da\" \/>\n\t<meta name=\"twitter:data1\" content=\"m.montagnani\" \/>\n\t<meta name=\"twitter:label2\" content=\"Tempo di lettura stimato\" \/>\n\t<meta name=\"twitter:data2\" content=\"2 minuti\" \/>\n<script type=\"application\/ld+json\" class=\"yoast-schema-graph\">{\"@context\":\"https:\/\/schema.org\",\"@graph\":[{\"@type\":\"Article\",\"@id\":\"https:\/\/www.pharmanutra.it\/it\/celadrin-per-il-karate-vi-presentiamo-gabriele-petroni\/#article\",\"isPartOf\":{\"@id\":\"https:\/\/www.pharmanutra.it\/it\/celadrin-per-il-karate-vi-presentiamo-gabriele-petroni\/\"},\"author\":{\"name\":\"m.montagnani\",\"@id\":\"https:\/\/www.pharmanutra.it\/it\/#\/schema\/person\/1b5e914c93946e660289a6ff8612e2cf\"},\"headline\":\"Celadrin per il karate, vi presentiamo Gabriele Petroni\",\"datePublished\":\"2016-04-06T12:30:50+00:00\",\"mainEntityOfPage\":{\"@id\":\"https:\/\/www.pharmanutra.it\/it\/celadrin-per-il-karate-vi-presentiamo-gabriele-petroni\/\"},\"wordCount\":360,\"commentCount\":0,\"publisher\":{\"@id\":\"https:\/\/www.pharmanutra.it\/it\/#organization\"},\"image\":{\"@id\":\"https:\/\/www.pharmanutra.it\/it\/celadrin-per-il-karate-vi-presentiamo-gabriele-petroni\/#primaryimage\"},\"thumbnailUrl\":\"https:\/\/www.pharmanutra.it\/wp-content\/uploads\/2016\/04\/gabrieleKarate.jpg\",\"articleSection\":[\"News &amp; Eventi\"],\"inLanguage\":\"it-IT\",\"potentialAction\":[{\"@type\":\"CommentAction\",\"name\":\"Comment\",\"target\":[\"https:\/\/www.pharmanutra.it\/it\/celadrin-per-il-karate-vi-presentiamo-gabriele-petroni\/#respond\"]}]},{\"@type\":\"WebPage\",\"@id\":\"https:\/\/www.pharmanutra.it\/it\/celadrin-per-il-karate-vi-presentiamo-gabriele-petroni\/\",\"url\":\"https:\/\/www.pharmanutra.it\/it\/celadrin-per-il-karate-vi-presentiamo-gabriele-petroni\/\",\"name\":\"Celadrin per il karate, vi presentiamo Gabriele Petroni - pharmanutra.it\",\"isPartOf\":{\"@id\":\"https:\/\/www.pharmanutra.it\/it\/#website\"},\"primaryImageOfPage\":{\"@id\":\"https:\/\/www.pharmanutra.it\/it\/celadrin-per-il-karate-vi-presentiamo-gabriele-petroni\/#primaryimage\"},\"image\":{\"@id\":\"https:\/\/www.pharmanutra.it\/it\/celadrin-per-il-karate-vi-presentiamo-gabriele-petroni\/#primaryimage\"},\"thumbnailUrl\":\"https:\/\/www.pharmanutra.it\/wp-content\/uploads\/2016\/04\/gabrieleKarate.jpg\",\"datePublished\":\"2016-04-06T12:30:50+00:00\",\"breadcrumb\":{\"@id\":\"https:\/\/www.pharmanutra.it\/it\/celadrin-per-il-karate-vi-presentiamo-gabriele-petroni\/#breadcrumb\"},\"inLanguage\":\"it-IT\",\"potentialAction\":[{\"@type\":\"ReadAction\",\"target\":[\"https:\/\/www.pharmanutra.it\/it\/celadrin-per-il-karate-vi-presentiamo-gabriele-petroni\/\"]}]},{\"@type\":\"ImageObject\",\"inLanguage\":\"it-IT\",\"@id\":\"https:\/\/www.pharmanutra.it\/it\/celadrin-per-il-karate-vi-presentiamo-gabriele-petroni\/#primaryimage\",\"url\":\"https:\/\/www.pharmanutra.it\/wp-content\/uploads\/2016\/04\/gabrieleKarate.jpg\",\"contentUrl\":\"https:\/\/www.pharmanutra.it\/wp-content\/uploads\/2016\/04\/gabrieleKarate.jpg\",\"width\":940,\"height\":420},{\"@type\":\"BreadcrumbList\",\"@id\":\"https:\/\/www.pharmanutra.it\/it\/celadrin-per-il-karate-vi-presentiamo-gabriele-petroni\/#breadcrumb\",\"itemListElement\":[{\"@type\":\"ListItem\",\"position\":1,\"name\":\"Home\",\"item\":\"https:\/\/www.pharmanutra.it\/it\/\"},{\"@type\":\"ListItem\",\"position\":2,\"name\":\"Celadrin per il karate, vi presentiamo Gabriele Petroni\"}]},{\"@type\":\"WebSite\",\"@id\":\"https:\/\/www.pharmanutra.it\/it\/#website\",\"url\":\"https:\/\/www.pharmanutra.it\/it\/\",\"name\":\"pharmanutra.it\",\"description\":\"\",\"publisher\":{\"@id\":\"https:\/\/www.pharmanutra.it\/it\/#organization\"},\"potentialAction\":[{\"@type\":\"SearchAction\",\"target\":{\"@type\":\"EntryPoint\",\"urlTemplate\":\"https:\/\/www.pharmanutra.it\/it\/?s={search_term_string}\"},\"query-input\":{\"@type\":\"PropertyValueSpecification\",\"valueRequired\":true,\"valueName\":\"search_term_string\"}}],\"inLanguage\":\"it-IT\"},{\"@type\":\"Organization\",\"@id\":\"https:\/\/www.pharmanutra.it\/it\/#organization\",\"name\":\"pharmanutra.it\",\"url\":\"https:\/\/www.pharmanutra.it\/it\/\",\"logo\":{\"@type\":\"ImageObject\",\"inLanguage\":\"it-IT\",\"@id\":\"https:\/\/www.pharmanutra.it\/it\/#\/schema\/logo\/image\/\",\"url\":\"https:\/\/www.pharmanutra.it\/wp-content\/uploads\/2025\/09\/PHN_LOGO2020color.png\",\"contentUrl\":\"https:\/\/www.pharmanutra.it\/wp-content\/uploads\/2025\/09\/PHN_LOGO2020color.png\",\"width\":1856,\"height\":210,\"caption\":\"pharmanutra.it\"},\"image\":{\"@id\":\"https:\/\/www.pharmanutra.it\/it\/#\/schema\/logo\/image\/\"}},{\"@type\":\"Person\",\"@id\":\"https:\/\/www.pharmanutra.it\/it\/#\/schema\/person\/1b5e914c93946e660289a6ff8612e2cf\",\"name\":\"m.montagnani\",\"image\":{\"@type\":\"ImageObject\",\"inLanguage\":\"it-IT\",\"@id\":\"https:\/\/www.pharmanutra.it\/it\/#\/schema\/person\/image\/\",\"url\":\"https:\/\/secure.gravatar.com\/avatar\/c1920c0aa85fa094f7614557e0f41c242c5d2632544ee5e7c41d3b8f10570f68?s=96&d=mm&r=g\",\"contentUrl\":\"https:\/\/secure.gravatar.com\/avatar\/c1920c0aa85fa094f7614557e0f41c242c5d2632544ee5e7c41d3b8f10570f68?s=96&d=mm&r=g\",\"caption\":\"m.montagnani\"},\"url\":\"https:\/\/www.pharmanutra.it\/it\/author\/m-montagnani\/\"}]}<\/script>\n<!-- \/ Yoast SEO plugin. -->","yoast_head_json":{"title":"Celadrin per il karate, vi presentiamo Gabriele Petroni - pharmanutra.it","robots":{"index":"index","follow":"follow","max-snippet":"max-snippet:-1","max-image-preview":"max-image-preview:large","max-video-preview":"max-video-preview:-1"},"canonical":"https:\/\/www.pharmanutra.it\/it\/celadrin-per-il-karate-vi-presentiamo-gabriele-petroni\/","og_locale":"it_IT","og_type":"article","og_title":"Celadrin per il karate, vi presentiamo Gabriele Petroni - pharmanutra.it","og_description":"&nbsp;Ci avviciniamo all'Open di Toscana di fine aprile e vi presentiamo un altro Atleta Celadrin!","og_url":"https:\/\/www.pharmanutra.it\/it\/celadrin-per-il-karate-vi-presentiamo-gabriele-petroni\/","og_site_name":"pharmanutra.it","article_published_time":"2016-04-06T12:30:50+00:00","og_image":[{"width":940,"height":420,"url":"https:\/\/www.pharmanutra.it\/wp-content\/uploads\/2016\/04\/gabrieleKarate.jpg","type":"image\/jpeg"}],"author":"m.montagnani","twitter_card":"summary_large_image","twitter_misc":{"Scritto da":"m.montagnani","Tempo di lettura stimato":"2 minuti"},"schema":{"@context":"https:\/\/schema.org","@graph":[{"@type":"Article","@id":"https:\/\/www.pharmanutra.it\/it\/celadrin-per-il-karate-vi-presentiamo-gabriele-petroni\/#article","isPartOf":{"@id":"https:\/\/www.pharmanutra.it\/it\/celadrin-per-il-karate-vi-presentiamo-gabriele-petroni\/"},"author":{"name":"m.montagnani","@id":"https:\/\/www.pharmanutra.it\/it\/#\/schema\/person\/1b5e914c93946e660289a6ff8612e2cf"},"headline":"Celadrin per il karate, vi presentiamo Gabriele Petroni","datePublished":"2016-04-06T12:30:50+00:00","mainEntityOfPage":{"@id":"https:\/\/www.pharmanutra.it\/it\/celadrin-per-il-karate-vi-presentiamo-gabriele-petroni\/"},"wordCount":360,"commentCount":0,"publisher":{"@id":"https:\/\/www.pharmanutra.it\/it\/#organization"},"image":{"@id":"https:\/\/www.pharmanutra.it\/it\/celadrin-per-il-karate-vi-presentiamo-gabriele-petroni\/#primaryimage"},"thumbnailUrl":"https:\/\/www.pharmanutra.it\/wp-content\/uploads\/2016\/04\/gabrieleKarate.jpg","articleSection":["News &amp; Eventi"],"inLanguage":"it-IT","potentialAction":[{"@type":"CommentAction","name":"Comment","target":["https:\/\/www.pharmanutra.it\/it\/celadrin-per-il-karate-vi-presentiamo-gabriele-petroni\/#respond"]}]},{"@type":"WebPage","@id":"https:\/\/www.pharmanutra.it\/it\/celadrin-per-il-karate-vi-presentiamo-gabriele-petroni\/","url":"https:\/\/www.pharmanutra.it\/it\/celadrin-per-il-karate-vi-presentiamo-gabriele-petroni\/","name":"Celadrin per il karate, vi presentiamo Gabriele Petroni - pharmanutra.it","isPartOf":{"@id":"https:\/\/www.pharmanutra.it\/it\/#website"},"primaryImageOfPage":{"@id":"https:\/\/www.pharmanutra.it\/it\/celadrin-per-il-karate-vi-presentiamo-gabriele-petroni\/#primaryimage"},"image":{"@id":"https:\/\/www.pharmanutra.it\/it\/celadrin-per-il-karate-vi-presentiamo-gabriele-petroni\/#primaryimage"},"thumbnailUrl":"https:\/\/www.pharmanutra.it\/wp-content\/uploads\/2016\/04\/gabrieleKarate.jpg","datePublished":"2016-04-06T12:30:50+00:00","breadcrumb":{"@id":"https:\/\/www.pharmanutra.it\/it\/celadrin-per-il-karate-vi-presentiamo-gabriele-petroni\/#breadcrumb"},"inLanguage":"it-IT","potentialAction":[{"@type":"ReadAction","target":["https:\/\/www.pharmanutra.it\/it\/celadrin-per-il-karate-vi-presentiamo-gabriele-petroni\/"]}]},{"@type":"ImageObject","inLanguage":"it-IT","@id":"https:\/\/www.pharmanutra.it\/it\/celadrin-per-il-karate-vi-presentiamo-gabriele-petroni\/#primaryimage","url":"https:\/\/www.pharmanutra.it\/wp-content\/uploads\/2016\/04\/gabrieleKarate.jpg","contentUrl":"https:\/\/www.pharmanutra.it\/wp-content\/uploads\/2016\/04\/gabrieleKarate.jpg","width":940,"height":420},{"@type":"BreadcrumbList","@id":"https:\/\/www.pharmanutra.it\/it\/celadrin-per-il-karate-vi-presentiamo-gabriele-petroni\/#breadcrumb","itemListElement":[{"@type":"ListItem","position":1,"name":"Home","item":"https:\/\/www.pharmanutra.it\/it\/"},{"@type":"ListItem","position":2,"name":"Celadrin per il karate, vi presentiamo Gabriele Petroni"}]},{"@type":"WebSite","@id":"https:\/\/www.pharmanutra.it\/it\/#website","url":"https:\/\/www.pharmanutra.it\/it\/","name":"pharmanutra.it","description":"","publisher":{"@id":"https:\/\/www.pharmanutra.it\/it\/#organization"},"potentialAction":[{"@type":"SearchAction","target":{"@type":"EntryPoint","urlTemplate":"https:\/\/www.pharmanutra.it\/it\/?s={search_term_string}"},"query-input":{"@type":"PropertyValueSpecification","valueRequired":true,"valueName":"search_term_string"}}],"inLanguage":"it-IT"},{"@type":"Organization","@id":"https:\/\/www.pharmanutra.it\/it\/#organization","name":"pharmanutra.it","url":"https:\/\/www.pharmanutra.it\/it\/","logo":{"@type":"ImageObject","inLanguage":"it-IT","@id":"https:\/\/www.pharmanutra.it\/it\/#\/schema\/logo\/image\/","url":"https:\/\/www.pharmanutra.it\/wp-content\/uploads\/2025\/09\/PHN_LOGO2020color.png","contentUrl":"https:\/\/www.pharmanutra.it\/wp-content\/uploads\/2025\/09\/PHN_LOGO2020color.png","width":1856,"height":210,"caption":"pharmanutra.it"},"image":{"@id":"https:\/\/www.pharmanutra.it\/it\/#\/schema\/logo\/image\/"}},{"@type":"Person","@id":"https:\/\/www.pharmanutra.it\/it\/#\/schema\/person\/1b5e914c93946e660289a6ff8612e2cf","name":"m.montagnani","image":{"@type":"ImageObject","inLanguage":"it-IT","@id":"https:\/\/www.pharmanutra.it\/it\/#\/schema\/person\/image\/","url":"https:\/\/secure.gravatar.com\/avatar\/c1920c0aa85fa094f7614557e0f41c242c5d2632544ee5e7c41d3b8f10570f68?s=96&d=mm&r=g","contentUrl":"https:\/\/secure.gravatar.com\/avatar\/c1920c0aa85fa094f7614557e0f41c242c5d2632544ee5e7c41d3b8f10570f68?s=96&d=mm&r=g","caption":"m.montagnani"},"url":"https:\/\/www.pharmanutra.it\/it\/author\/m-montagnani\/"}]}},"meta_box":[],"_links":{"self":[{"href":"https:\/\/www.pharmanutra.it\/it\/wp-json\/wp\/v2\/posts\/642","targetHints":{"allow":["GET"]}}],"collection":[{"href":"https:\/\/www.pharmanutra.it\/it\/wp-json\/wp\/v2\/posts"}],"about":[{"href":"https:\/\/www.pharmanutra.it\/it\/wp-json\/wp\/v2\/types\/post"}],"author":[{"embeddable":true,"href":"https:\/\/www.pharmanutra.it\/it\/wp-json\/wp\/v2\/users\/2"}],"replies":[{"embeddable":true,"href":"https:\/\/www.pharmanutra.it\/it\/wp-json\/wp\/v2\/comments?post=642"}],"version-history":[{"count":0,"href":"https:\/\/www.pharmanutra.it\/it\/wp-json\/wp\/v2\/posts\/642\/revisions"}],"wp:featuredmedia":[{"embeddable":true,"href":"https:\/\/www.pharmanutra.it\/it\/wp-json\/wp\/v2\/media\/643"}],"wp:attachment":[{"href":"https:\/\/www.pharmanutra.it\/it\/wp-json\/wp\/v2\/media?parent=642"}],"wp:term":[{"taxonomy":"category","embeddable":true,"href":"https:\/\/www.pharmanutra.it\/it\/wp-json\/wp\/v2\/categories?post=642"},{"taxonomy":"post_tag","embeddable":true,"href":"https:\/\/www.pharmanutra.it\/it\/wp-json\/wp\/v2\/tags?post=642"},{"taxonomy":"anno_documento","embeddable":true,"href":"https:\/\/www.pharmanutra.it\/it\/wp-json\/wp\/v2\/anno_documento?post=642"}],"curies":[{"name":"wp","href":"https:\/\/api.w.org\/{rel}","templated":true}]}}