{"id":760,"date":"2017-05-08T21:00:00","date_gmt":"2017-05-08T19:00:00","guid":{"rendered":"http:\/\/www.pharmanutra.it\/?p=760"},"modified":"2017-05-08T21:00:00","modified_gmt":"2017-05-08T19:00:00","slug":"gruppo-pharmanutra-al-vitafoods-europe-2017","status":"publish","type":"post","link":"https:\/\/www.pharmanutra.it\/it\/gruppo-pharmanutra-al-vitafoods-europe-2017\/","title":{"rendered":"Il Gruppo Pharmanutra al Vitafoods Europe 2017"},"content":{"rendered":"<div>Per il quinto anno consecutivo saremo presenti al\u00a0Vitafoods Europe, evento di riferimento per il mercato nutraceutico e degli alimenti funzionali che ospita a ogni edizione\u00a0oltre 13.000 visitatori\u00a0e\u00a0pi\u00f9 di 700 espositori da tutto il mondo.<\/div>\n<div><\/div>\n<div>Dal 9 all&#8217;11 maggio il Palaexpo di Ginevra in Svizzera\u00a0si popoler\u00e0 delle migliori aziende nutraceutiche e farmaceutiche mondiali e il Gruppo Pharmanutra esporr\u00e0 allo\u00a0stand #N2\u00a0con uno spazio completamente rinnovato in cui per la prima volta, oltre alle referenze storiche della\u00a0tecnologia sucrosomiale\u00ae, verr\u00e0 presentato un nuovo prodotto: il\u00a0Cetilar\u00ae.<\/div>\n<div><\/div>\n<div>Cetilar\u00ae \u00e8 la nuova crema lanciata sul mercato globale a fine 2016\u00a0che attraverso il massaggio aiuta la capacit\u00e0 di movimento nelle affezioni articolari su base osteoartritica riducendo cos\u00ec la sintomatologia dolorosa a livello muscolo-scheletrico. Applicato e massaggiato, Cetilar\u00ae \u00e8 utile nel recupero della mobilit\u00e0 e nella riabilitazione conseguenti a fenomeni infiammatori e traumi sportivi articolari e\/o muscolari.<\/div>\n<div><\/div>\n<div>La\u00a0Tecnologia Sucrosomiale\u00ae, dopo l\u2019ingresso dello scorso anno e il successo che ne \u00e8 conseguito, sar\u00e0 presente in occasione dell\u2019evento europeo insieme all&#8217;esclusiva gamma di prodotti\u00a0SiderAL,\u00a0leader nel mercato nella supplementazione di ferro\u00a0e basati\u00a0su\u00a0SiderAL\u00ae r.m,\u00a0premiato\u00a0Ingredient of the Year ai\u00a0NIA 2016\u00a0in occasione della scorsa edizione del Vitafoods Europe.<\/div>\n<div><\/div>\n<div>La tecnologia brevettata da Pharmanutra verr\u00e0 inoltre presentata alla esclusiva\u00a0New Product Zone\u00a0con il prodotto\u00a0Ultramag\u00ae ORO: un integratore orosolubile utile nei casi di aumentato fabbisogno di Magnesio.\u00a0Ultramag\u00ae ORO\u00a0contiene\u00a0Magnesio Sucrosomiale\u00ae\u00a0che, grazie alla tecnologia\u00a0Sucrosomiale\u00ae, garantisce alto assorbimento e biodisponibilit\u00e0 del Magnesio. Il Magnesio, infatti, \u00e8 incapsulato nella\u00a0membrana\u00a0Sucrosomiale\u00ae\u00a0che permette al Magnesio di attraversare indenne l\u2019ambiente gastrico senza interagire con le mucose o altri nutrienti.<\/div>\n<div><\/div>\n<div>Il Vitafoods Europe \u00e8 per il gruppo Pharmanutra un appuntamento importante, l\u2019azienda ha investito fortemente nell\u2019espansione commerciale internazionale:<\/div>\n<div><\/div>\n<div>Andrea Lacorte, Presidente del Gruppo ha affermato: \u00ab\u00c8 molto importante per noi partecipare ogni anno a questo evento, sia per le opportunit\u00e0 di crescita commerciale che per il consolidamento delle relazioni gi\u00e0 attivate con altre aziende,\u00a0Pharmanutra \u00e8 infatti attiva sul mercato internazionale con 28 distributori in 47 paesi. Da ormai 5 anni siamo presenti al Vitafoods Europe diventato ormai un appuntamento immancabile nel calendario delle presenze internazionali del Gruppo. Siamo certi che non mancheranno le occasioni di confronto e arricchimento con fornitori e partner consolidati\u00bb.<\/div>\n","protected":false},"excerpt":{"rendered":"<p>Per il quinto anno consecutivo saremo presenti al\u00a0Vitafoods Europe, evento di riferimento per il mercato nutraceutico e degli alimenti funzionali che ospita a ogni edizione\u00a0oltre 13.000 visitatori\u00a0e\u00a0pi\u00f9 di 700 espositori da tutto il mondo. Dal 9 all&#8217;11 maggio il Palaexpo di Ginevra in Svizzera\u00a0si popoler\u00e0 delle migliori aziende nutraceutiche e farmaceutiche mondiali e il Gruppo [&hellip;]<\/p>\n","protected":false},"author":2,"featured_media":775,"comment_status":"open","ping_status":"open","sticky":false,"template":"","format":"standard","meta":{"footnotes":""},"categories":[15,1],"tags":[],"anno_documento":[73],"class_list":["post-760","post","type-post","status-publish","format-standard","has-post-thumbnail","hentry","category-news-eventi","category-senza-categoria","anno_documento-73"],"yoast_head":"<!-- This site is optimized with the Yoast SEO plugin v26.1.1 - https:\/\/yoast.com\/wordpress\/plugins\/seo\/ -->\n<title>{:it}Il Gruppo Pharmanutra al Vitafoods Europe 2017{:en}Pharmanutra Group at Vitafoods Europe 2017 {:}<\/title>\n<meta name=\"robots\" content=\"index, follow, max-snippet:-1, max-image-preview:large, max-video-preview:-1\" \/>\n<link rel=\"canonical\" href=\"https:\/\/www.pharmanutra.it\/it\/gruppo-pharmanutra-al-vitafoods-europe-2017\/\" \/>\n<meta property=\"og:locale\" content=\"it_IT\" \/>\n<meta property=\"og:type\" content=\"article\" \/>\n<meta property=\"og:title\" content=\"{:it}Il Gruppo Pharmanutra al Vitafoods Europe 2017{:en}Pharmanutra Group at Vitafoods Europe 2017 {:}\" \/>\n<meta property=\"og:description\" content=\"Per il quinto anno consecutivo saremo presenti al\u00a0Vitafoods Europe, evento di riferimento per il mercato nutraceutico e degli alimenti funzionali che ospita a ogni edizione\u00a0oltre 13.000 visitatori\u00a0e\u00a0pi\u00f9 di 700 espositori da tutto il mondo. Dal 9 all&#8217;11 maggio il Palaexpo di Ginevra in Svizzera\u00a0si popoler\u00e0 delle migliori aziende nutraceutiche e farmaceutiche mondiali e il Gruppo [&hellip;]\" \/>\n<meta property=\"og:url\" content=\"https:\/\/www.pharmanutra.it\/it\/gruppo-pharmanutra-al-vitafoods-europe-2017\/\" \/>\n<meta property=\"og:site_name\" content=\"pharmanutra.it\" \/>\n<meta property=\"article:published_time\" content=\"2017-05-08T19:00:00+00:00\" \/>\n<meta property=\"og:image\" content=\"https:\/\/www.pharmanutra.it\/wp-content\/uploads\/2017\/05\/WhatsApp-Image-2017-05-09-at-09.56.13.jpeg\" \/>\n\t<meta property=\"og:image:width\" content=\"1280\" \/>\n\t<meta property=\"og:image:height\" content=\"960\" \/>\n\t<meta property=\"og:image:type\" content=\"image\/jpeg\" \/>\n<meta name=\"author\" content=\"m.montagnani\" \/>\n<meta name=\"twitter:card\" content=\"summary_large_image\" \/>\n<meta name=\"twitter:label1\" content=\"Scritto da\" \/>\n\t<meta name=\"twitter:data1\" content=\"m.montagnani\" \/>\n\t<meta name=\"twitter:label2\" content=\"Tempo di lettura stimato\" \/>\n\t<meta name=\"twitter:data2\" content=\"2 minuti\" \/>\n<script type=\"application\/ld+json\" class=\"yoast-schema-graph\">{\"@context\":\"https:\/\/schema.org\",\"@graph\":[{\"@type\":\"Article\",\"@id\":\"https:\/\/www.pharmanutra.it\/it\/gruppo-pharmanutra-al-vitafoods-europe-2017\/#article\",\"isPartOf\":{\"@id\":\"https:\/\/www.pharmanutra.it\/it\/gruppo-pharmanutra-al-vitafoods-europe-2017\/\"},\"author\":{\"name\":\"m.montagnani\",\"@id\":\"https:\/\/www.pharmanutra.it\/it\/#\/schema\/person\/1b5e914c93946e660289a6ff8612e2cf\"},\"headline\":\"Il Gruppo Pharmanutra al Vitafoods Europe 2017\",\"datePublished\":\"2017-05-08T19:00:00+00:00\",\"mainEntityOfPage\":{\"@id\":\"https:\/\/www.pharmanutra.it\/it\/gruppo-pharmanutra-al-vitafoods-europe-2017\/\"},\"wordCount\":377,\"commentCount\":0,\"publisher\":{\"@id\":\"https:\/\/www.pharmanutra.it\/it\/#organization\"},\"image\":{\"@id\":\"https:\/\/www.pharmanutra.it\/it\/gruppo-pharmanutra-al-vitafoods-europe-2017\/#primaryimage\"},\"thumbnailUrl\":\"https:\/\/www.pharmanutra.it\/wp-content\/uploads\/2017\/05\/WhatsApp-Image-2017-05-09-at-09.56.13.jpeg\",\"articleSection\":[\"News &amp; Eventi\"],\"inLanguage\":\"it-IT\",\"potentialAction\":[{\"@type\":\"CommentAction\",\"name\":\"Comment\",\"target\":[\"https:\/\/www.pharmanutra.it\/it\/gruppo-pharmanutra-al-vitafoods-europe-2017\/#respond\"]}]},{\"@type\":\"WebPage\",\"@id\":\"https:\/\/www.pharmanutra.it\/it\/gruppo-pharmanutra-al-vitafoods-europe-2017\/\",\"url\":\"https:\/\/www.pharmanutra.it\/it\/gruppo-pharmanutra-al-vitafoods-europe-2017\/\",\"name\":\"{:it}Il Gruppo Pharmanutra al Vitafoods Europe 2017{:en}Pharmanutra Group at Vitafoods Europe 2017 {:}\",\"isPartOf\":{\"@id\":\"https:\/\/www.pharmanutra.it\/it\/#website\"},\"primaryImageOfPage\":{\"@id\":\"https:\/\/www.pharmanutra.it\/it\/gruppo-pharmanutra-al-vitafoods-europe-2017\/#primaryimage\"},\"image\":{\"@id\":\"https:\/\/www.pharmanutra.it\/it\/gruppo-pharmanutra-al-vitafoods-europe-2017\/#primaryimage\"},\"thumbnailUrl\":\"https:\/\/www.pharmanutra.it\/wp-content\/uploads\/2017\/05\/WhatsApp-Image-2017-05-09-at-09.56.13.jpeg\",\"datePublished\":\"2017-05-08T19:00:00+00:00\",\"breadcrumb\":{\"@id\":\"https:\/\/www.pharmanutra.it\/it\/gruppo-pharmanutra-al-vitafoods-europe-2017\/#breadcrumb\"},\"inLanguage\":\"it-IT\",\"potentialAction\":[{\"@type\":\"ReadAction\",\"target\":[\"https:\/\/www.pharmanutra.it\/it\/gruppo-pharmanutra-al-vitafoods-europe-2017\/\"]}]},{\"@type\":\"ImageObject\",\"inLanguage\":\"it-IT\",\"@id\":\"https:\/\/www.pharmanutra.it\/it\/gruppo-pharmanutra-al-vitafoods-europe-2017\/#primaryimage\",\"url\":\"https:\/\/www.pharmanutra.it\/wp-content\/uploads\/2017\/05\/WhatsApp-Image-2017-05-09-at-09.56.13.jpeg\",\"contentUrl\":\"https:\/\/www.pharmanutra.it\/wp-content\/uploads\/2017\/05\/WhatsApp-Image-2017-05-09-at-09.56.13.jpeg\",\"width\":1280,\"height\":960},{\"@type\":\"BreadcrumbList\",\"@id\":\"https:\/\/www.pharmanutra.it\/it\/gruppo-pharmanutra-al-vitafoods-europe-2017\/#breadcrumb\",\"itemListElement\":[{\"@type\":\"ListItem\",\"position\":1,\"name\":\"Home\",\"item\":\"https:\/\/www.pharmanutra.it\/it\/\"},{\"@type\":\"ListItem\",\"position\":2,\"name\":\"Il Gruppo Pharmanutra al Vitafoods Europe 2017\"}]},{\"@type\":\"WebSite\",\"@id\":\"https:\/\/www.pharmanutra.it\/it\/#website\",\"url\":\"https:\/\/www.pharmanutra.it\/it\/\",\"name\":\"pharmanutra.it\",\"description\":\"\",\"publisher\":{\"@id\":\"https:\/\/www.pharmanutra.it\/it\/#organization\"},\"potentialAction\":[{\"@type\":\"SearchAction\",\"target\":{\"@type\":\"EntryPoint\",\"urlTemplate\":\"https:\/\/www.pharmanutra.it\/it\/?s={search_term_string}\"},\"query-input\":{\"@type\":\"PropertyValueSpecification\",\"valueRequired\":true,\"valueName\":\"search_term_string\"}}],\"inLanguage\":\"it-IT\"},{\"@type\":\"Organization\",\"@id\":\"https:\/\/www.pharmanutra.it\/it\/#organization\",\"name\":\"pharmanutra.it\",\"url\":\"https:\/\/www.pharmanutra.it\/it\/\",\"logo\":{\"@type\":\"ImageObject\",\"inLanguage\":\"it-IT\",\"@id\":\"https:\/\/www.pharmanutra.it\/it\/#\/schema\/logo\/image\/\",\"url\":\"https:\/\/www.pharmanutra.it\/wp-content\/uploads\/2025\/09\/PHN_LOGO2020color.png\",\"contentUrl\":\"https:\/\/www.pharmanutra.it\/wp-content\/uploads\/2025\/09\/PHN_LOGO2020color.png\",\"width\":1856,\"height\":210,\"caption\":\"pharmanutra.it\"},\"image\":{\"@id\":\"https:\/\/www.pharmanutra.it\/it\/#\/schema\/logo\/image\/\"}},{\"@type\":\"Person\",\"@id\":\"https:\/\/www.pharmanutra.it\/it\/#\/schema\/person\/1b5e914c93946e660289a6ff8612e2cf\",\"name\":\"m.montagnani\",\"image\":{\"@type\":\"ImageObject\",\"inLanguage\":\"it-IT\",\"@id\":\"https:\/\/www.pharmanutra.it\/it\/#\/schema\/person\/image\/\",\"url\":\"https:\/\/secure.gravatar.com\/avatar\/c1920c0aa85fa094f7614557e0f41c242c5d2632544ee5e7c41d3b8f10570f68?s=96&d=mm&r=g\",\"contentUrl\":\"https:\/\/secure.gravatar.com\/avatar\/c1920c0aa85fa094f7614557e0f41c242c5d2632544ee5e7c41d3b8f10570f68?s=96&d=mm&r=g\",\"caption\":\"m.montagnani\"},\"url\":\"https:\/\/www.pharmanutra.it\/it\/author\/m-montagnani\/\"}]}<\/script>\n<!-- \/ Yoast SEO plugin. -->","yoast_head_json":{"title":"{:it}Il Gruppo Pharmanutra al Vitafoods Europe 2017{:en}Pharmanutra Group at Vitafoods Europe 2017 {:}","robots":{"index":"index","follow":"follow","max-snippet":"max-snippet:-1","max-image-preview":"max-image-preview:large","max-video-preview":"max-video-preview:-1"},"canonical":"https:\/\/www.pharmanutra.it\/it\/gruppo-pharmanutra-al-vitafoods-europe-2017\/","og_locale":"it_IT","og_type":"article","og_title":"{:it}Il Gruppo Pharmanutra al Vitafoods Europe 2017{:en}Pharmanutra Group at Vitafoods Europe 2017 {:}","og_description":"Per il quinto anno consecutivo saremo presenti al\u00a0Vitafoods Europe, evento di riferimento per il mercato nutraceutico e degli alimenti funzionali che ospita a ogni edizione\u00a0oltre 13.000 visitatori\u00a0e\u00a0pi\u00f9 di 700 espositori da tutto il mondo. Dal 9 all&#8217;11 maggio il Palaexpo di Ginevra in Svizzera\u00a0si popoler\u00e0 delle migliori aziende nutraceutiche e farmaceutiche mondiali e il Gruppo [&hellip;]","og_url":"https:\/\/www.pharmanutra.it\/it\/gruppo-pharmanutra-al-vitafoods-europe-2017\/","og_site_name":"pharmanutra.it","article_published_time":"2017-05-08T19:00:00+00:00","og_image":[{"width":1280,"height":960,"url":"https:\/\/www.pharmanutra.it\/wp-content\/uploads\/2017\/05\/WhatsApp-Image-2017-05-09-at-09.56.13.jpeg","type":"image\/jpeg"}],"author":"m.montagnani","twitter_card":"summary_large_image","twitter_misc":{"Scritto da":"m.montagnani","Tempo di lettura stimato":"2 minuti"},"schema":{"@context":"https:\/\/schema.org","@graph":[{"@type":"Article","@id":"https:\/\/www.pharmanutra.it\/it\/gruppo-pharmanutra-al-vitafoods-europe-2017\/#article","isPartOf":{"@id":"https:\/\/www.pharmanutra.it\/it\/gruppo-pharmanutra-al-vitafoods-europe-2017\/"},"author":{"name":"m.montagnani","@id":"https:\/\/www.pharmanutra.it\/it\/#\/schema\/person\/1b5e914c93946e660289a6ff8612e2cf"},"headline":"Il Gruppo Pharmanutra al Vitafoods Europe 2017","datePublished":"2017-05-08T19:00:00+00:00","mainEntityOfPage":{"@id":"https:\/\/www.pharmanutra.it\/it\/gruppo-pharmanutra-al-vitafoods-europe-2017\/"},"wordCount":377,"commentCount":0,"publisher":{"@id":"https:\/\/www.pharmanutra.it\/it\/#organization"},"image":{"@id":"https:\/\/www.pharmanutra.it\/it\/gruppo-pharmanutra-al-vitafoods-europe-2017\/#primaryimage"},"thumbnailUrl":"https:\/\/www.pharmanutra.it\/wp-content\/uploads\/2017\/05\/WhatsApp-Image-2017-05-09-at-09.56.13.jpeg","articleSection":["News &amp; Eventi"],"inLanguage":"it-IT","potentialAction":[{"@type":"CommentAction","name":"Comment","target":["https:\/\/www.pharmanutra.it\/it\/gruppo-pharmanutra-al-vitafoods-europe-2017\/#respond"]}]},{"@type":"WebPage","@id":"https:\/\/www.pharmanutra.it\/it\/gruppo-pharmanutra-al-vitafoods-europe-2017\/","url":"https:\/\/www.pharmanutra.it\/it\/gruppo-pharmanutra-al-vitafoods-europe-2017\/","name":"{:it}Il Gruppo Pharmanutra al Vitafoods Europe 2017{:en}Pharmanutra Group at Vitafoods Europe 2017 {:}","isPartOf":{"@id":"https:\/\/www.pharmanutra.it\/it\/#website"},"primaryImageOfPage":{"@id":"https:\/\/www.pharmanutra.it\/it\/gruppo-pharmanutra-al-vitafoods-europe-2017\/#primaryimage"},"image":{"@id":"https:\/\/www.pharmanutra.it\/it\/gruppo-pharmanutra-al-vitafoods-europe-2017\/#primaryimage"},"thumbnailUrl":"https:\/\/www.pharmanutra.it\/wp-content\/uploads\/2017\/05\/WhatsApp-Image-2017-05-09-at-09.56.13.jpeg","datePublished":"2017-05-08T19:00:00+00:00","breadcrumb":{"@id":"https:\/\/www.pharmanutra.it\/it\/gruppo-pharmanutra-al-vitafoods-europe-2017\/#breadcrumb"},"inLanguage":"it-IT","potentialAction":[{"@type":"ReadAction","target":["https:\/\/www.pharmanutra.it\/it\/gruppo-pharmanutra-al-vitafoods-europe-2017\/"]}]},{"@type":"ImageObject","inLanguage":"it-IT","@id":"https:\/\/www.pharmanutra.it\/it\/gruppo-pharmanutra-al-vitafoods-europe-2017\/#primaryimage","url":"https:\/\/www.pharmanutra.it\/wp-content\/uploads\/2017\/05\/WhatsApp-Image-2017-05-09-at-09.56.13.jpeg","contentUrl":"https:\/\/www.pharmanutra.it\/wp-content\/uploads\/2017\/05\/WhatsApp-Image-2017-05-09-at-09.56.13.jpeg","width":1280,"height":960},{"@type":"BreadcrumbList","@id":"https:\/\/www.pharmanutra.it\/it\/gruppo-pharmanutra-al-vitafoods-europe-2017\/#breadcrumb","itemListElement":[{"@type":"ListItem","position":1,"name":"Home","item":"https:\/\/www.pharmanutra.it\/it\/"},{"@type":"ListItem","position":2,"name":"Il Gruppo Pharmanutra al Vitafoods Europe 2017"}]},{"@type":"WebSite","@id":"https:\/\/www.pharmanutra.it\/it\/#website","url":"https:\/\/www.pharmanutra.it\/it\/","name":"pharmanutra.it","description":"","publisher":{"@id":"https:\/\/www.pharmanutra.it\/it\/#organization"},"potentialAction":[{"@type":"SearchAction","target":{"@type":"EntryPoint","urlTemplate":"https:\/\/www.pharmanutra.it\/it\/?s={search_term_string}"},"query-input":{"@type":"PropertyValueSpecification","valueRequired":true,"valueName":"search_term_string"}}],"inLanguage":"it-IT"},{"@type":"Organization","@id":"https:\/\/www.pharmanutra.it\/it\/#organization","name":"pharmanutra.it","url":"https:\/\/www.pharmanutra.it\/it\/","logo":{"@type":"ImageObject","inLanguage":"it-IT","@id":"https:\/\/www.pharmanutra.it\/it\/#\/schema\/logo\/image\/","url":"https:\/\/www.pharmanutra.it\/wp-content\/uploads\/2025\/09\/PHN_LOGO2020color.png","contentUrl":"https:\/\/www.pharmanutra.it\/wp-content\/uploads\/2025\/09\/PHN_LOGO2020color.png","width":1856,"height":210,"caption":"pharmanutra.it"},"image":{"@id":"https:\/\/www.pharmanutra.it\/it\/#\/schema\/logo\/image\/"}},{"@type":"Person","@id":"https:\/\/www.pharmanutra.it\/it\/#\/schema\/person\/1b5e914c93946e660289a6ff8612e2cf","name":"m.montagnani","image":{"@type":"ImageObject","inLanguage":"it-IT","@id":"https:\/\/www.pharmanutra.it\/it\/#\/schema\/person\/image\/","url":"https:\/\/secure.gravatar.com\/avatar\/c1920c0aa85fa094f7614557e0f41c242c5d2632544ee5e7c41d3b8f10570f68?s=96&d=mm&r=g","contentUrl":"https:\/\/secure.gravatar.com\/avatar\/c1920c0aa85fa094f7614557e0f41c242c5d2632544ee5e7c41d3b8f10570f68?s=96&d=mm&r=g","caption":"m.montagnani"},"url":"https:\/\/www.pharmanutra.it\/it\/author\/m-montagnani\/"}]}},"meta_box":[],"_links":{"self":[{"href":"https:\/\/www.pharmanutra.it\/it\/wp-json\/wp\/v2\/posts\/760","targetHints":{"allow":["GET"]}}],"collection":[{"href":"https:\/\/www.pharmanutra.it\/it\/wp-json\/wp\/v2\/posts"}],"about":[{"href":"https:\/\/www.pharmanutra.it\/it\/wp-json\/wp\/v2\/types\/post"}],"author":[{"embeddable":true,"href":"https:\/\/www.pharmanutra.it\/it\/wp-json\/wp\/v2\/users\/2"}],"replies":[{"embeddable":true,"href":"https:\/\/www.pharmanutra.it\/it\/wp-json\/wp\/v2\/comments?post=760"}],"version-history":[{"count":0,"href":"https:\/\/www.pharmanutra.it\/it\/wp-json\/wp\/v2\/posts\/760\/revisions"}],"wp:featuredmedia":[{"embeddable":true,"href":"https:\/\/www.pharmanutra.it\/it\/wp-json\/wp\/v2\/media\/775"}],"wp:attachment":[{"href":"https:\/\/www.pharmanutra.it\/it\/wp-json\/wp\/v2\/media?parent=760"}],"wp:term":[{"taxonomy":"category","embeddable":true,"href":"https:\/\/www.pharmanutra.it\/it\/wp-json\/wp\/v2\/categories?post=760"},{"taxonomy":"post_tag","embeddable":true,"href":"https:\/\/www.pharmanutra.it\/it\/wp-json\/wp\/v2\/tags?post=760"},{"taxonomy":"anno_documento","embeddable":true,"href":"https:\/\/www.pharmanutra.it\/it\/wp-json\/wp\/v2\/anno_documento?post=760"}],"curies":[{"name":"wp","href":"https:\/\/api.w.org\/{rel}","templated":true}]}}